{"id":9957,"date":"2021-06-20T15:50:03","date_gmt":"2021-06-20T13:50:03","guid":{"rendered":"https:\/\/insmonturiol.cat\/?p=9957"},"modified":"2021-06-20T15:50:03","modified_gmt":"2021-06-20T13:50:03","slug":"matricula-curs-21-22-alumnat-del-centre","status":"publish","type":"post","link":"https:\/\/agora.xtec.cat\/iesnarcismonturiol\/general\/matricula-curs-21-22-alumnat-del-centre\/","title":{"rendered":"Matr\u00edcula curs 2021-22."},"content":{"rendered":"\n<p>Per formalitzar la matr\u00edcula cal presentar la documentaci\u00f3 corresponent i els pagaments en les dates previstes. <\/p>\n\n\n\n<p style=\"font-size:20px\"><strong>Matr\u00edcula per l&#8217;alumnat del centre: <\/strong><\/p>\n\n\n\n<p><strong>Dates per: <\/strong><\/p>\n\n\n\n<p><strong>1r, 2n i 3r d&#8217;ESO<\/strong>: data l\u00edmit per entregar la documentaci\u00f3 als tutors i tutores <strong>22 de juny<\/strong>. <\/p>\n\n\n\n<p><strong>1r i 2n de Batxillerat<\/strong>: data per entregar la documentaci\u00f3 del <strong>28 de juny al 2 de julio<\/strong>l a secretaria a trav\u00e9s d&#8217;aquest enlla\u00e7: <a href=\"https:\/\/insmonturiol.cat\/secretaria\/\" target=\"_blank\" rel=\"noreferrer noopener\">https:\/\/insmonturiol.cat\/secretaria\/<\/a><\/p>\n\n\n\n<p>Documentaci\u00f3 que s&#8217;ha de presentar: <\/p>\n\n\n\n<p><strong>1) Documentaci\u00f3 necess\u00e0ria<\/strong><\/p>\n\n\n\n<figure class=\"wp-block-table is-style-regular\"><table><tbody><tr><td>a) Fotoc\u00f2pia actualitzada del DNI de l\u2019alumne\/a.<\/td><\/tr><tr><td>b) Impr\u00e8s dades de l\u2019alumne\/a. <br><a rel=\"noreferrer noopener\" href=\"https:\/\/agora.xtec.cat\/iesnarcismonturiol\/wp-content\/uploads\/usu2521\/2021\/06\/Impres-dades-matricula-ESO.pdf\" target=\"_blank\">ESO<\/a><br><a rel=\"noreferrer noopener\" href=\"https:\/\/agora.xtec.cat\/iesnarcismonturiol\/wp-content\/uploads\/usu2521\/2021\/06\/impres-dades-matricula-batxillerat.pdf\" target=\"_blank\">BATXILLERAT<\/a><br><a href=\"https:\/\/agora.xtec.cat\/iesnarcismonturiol\/wp-content\/uploads\/usu2521\/2021\/06\/matricula-1r-BAT-21-22.pdf\" target=\"_blank\" rel=\"noreferrer noopener\">IMPR\u00c8S ASSIGNATURES 1r BATXILLERAT<\/a><br><a href=\"https:\/\/agora.xtec.cat\/iesnarcismonturiol\/wp-content\/uploads\/usu2521\/2021\/06\/2021-22-impres-assignatures-2n-BAT.pdf\" target=\"_blank\" rel=\"noreferrer noopener\">IMPR\u00c8S ASSIGNATURES 2n BATXILLERAT<\/a><\/td><\/tr><tr><td>c) <a rel=\"noreferrer noopener\" href=\"https:\/\/agora.xtec.cat\/iesnarcismonturiol\/wp-content\/uploads\/usu2521\/2021\/06\/Impres_Autoritzacio_Sortides.pdf\" target=\"_blank\">Impr\u00e8s d\u2019autoritzaci\u00f3 sortides<\/a>.<\/td><\/tr><tr><td>d) Impr\u00e8s d\u2019\u00fas de la imatge, publicaci\u00f3 de dades de car\u00e0cter personal i de material:<br><a rel=\"noreferrer noopener\" href=\"https:\/\/agora.xtec.cat\/iesnarcismonturiol\/wp-content\/uploads\/usu2521\/2021\/06\/A251_imatge_menors14.pdf\" target=\"_blank\">Menors de 14 anys.<\/a><br><a href=\"https:\/\/agora.xtec.cat\/iesnarcismonturiol\/wp-content\/uploads\/usu2521\/2021\/06\/A254_imatge_majors14_2122.pdf\" target=\"_blank\" rel=\"noreferrer noopener\">Majors de 14 anys<\/a>.                                                                                                          <\/td><\/tr><tr><td>e) Impr\u00e8s autoritzaci\u00f3 \u00fas de serveis i recursos digitals a Internet.<br><a href=\"https:\/\/agora.xtec.cat\/iesnarcismonturiol\/wp-content\/uploads\/usu2521\/2021\/06\/A253_recursos_digitals_menors14.pdf\" target=\"_blank\" rel=\"noreferrer noopener\">Menors de 14 anys.<\/a><br><a href=\"https:\/\/agora.xtec.cat\/iesnarcismonturiol\/wp-content\/uploads\/usu2521\/2021\/06\/A252_recursos_digitals_majors14.pdf\" target=\"_blank\" rel=\"noreferrer noopener\">Majors de 14 anys.<\/a><\/td><\/tr><tr><td>f) <a href=\"https:\/\/agora.xtec.cat\/iesnarcismonturiol\/wp-content\/uploads\/usu2521\/2021\/06\/Autoritzacio-AMPA-Matricula-2021-22.pdf\" target=\"_blank\" rel=\"noreferrer noopener\">Impr\u00e8s d\u2019autoritzaci\u00f3 dades AMPA.<\/a><\/td><\/tr><\/tbody><\/table><\/figure>\n\n\n\n<p><strong>2) Resguard del pagament de la Quota de l&#8217;AMPA<\/strong>: <\/p>\n\n\n\n<div class=\"wp-block-group\"><div class=\"wp-block-group__inner-container is-layout-flow wp-block-group-is-layout-flow\">\n<div class=\"wp-block-columns is-layout-flex wp-container-core-columns-is-layout-2 wp-block-columns-is-layout-flex\">\n<div class=\"wp-block-column is-vertically-aligned-bottom is-layout-flow wp-block-column-is-layout-flow\" style=\"flex-basis:100%\">\n<div class=\"wp-block-group\"><div class=\"wp-block-group__inner-container is-layout-flow wp-block-group-is-layout-flow\">\n<div class=\"wp-block-columns is-layout-flex wp-container-core-columns-is-layout-1 wp-block-columns-is-layout-flex\">\n<div class=\"wp-block-column is-layout-flow wp-block-column-is-layout-flow\" style=\"flex-basis:100%\">\n<figure class=\"wp-block-table\"><table><tbody><tr><td><strong>Opci\u00f31<\/strong><\/td><td>Pagament de <strong>30\u20ac<\/strong> -&gt; Nom\u00e9s les fam\u00edlies que abonen solament la quota de l\u2019AMPA.<\/td><\/tr><tr><td><strong>Opci\u00f32<\/strong><\/td><td>Pagament de <strong>45\u20ac<\/strong> -&gt; Nom\u00e9s les fam\u00edlies que abonen la quota de l\u2019AMPA i que faran servir el servei de lloguer de la taquilla (<strong>30\u20ac +15\u20ac<\/strong>).<\/td><\/tr><tr><td><strong>Opci\u00f33<\/strong><\/td><td>Pagament de <strong>50\u20ac<\/strong> -&gt; Nom\u00e9s les fam\u00edlies que abonen la quota de l\u2019AMPA i que faran servir per primera vegada el servei de lloguer de la taquilla <strong>(30\u20ac +15\u20ac + 5\u20ac)<\/strong>.<\/td><\/tr><\/tbody><\/table><\/figure>\n<\/div>\n<\/div>\n<\/div><\/div>\n<\/div>\n<\/div>\n<\/div><\/div>\n\n\n\n<p><strong>3) Pagament anual que s&#8217;ha de fer a trav\u00e9s de l&#8217;aplicaci\u00f3 de TPV. <\/strong> (cada curs paga una quantitat diferent)<\/p>\n\n\n\n<p><strong>4)<\/strong> L&#8217;alumnat que far\u00e0 \u00fas del <strong>servei de menjador<\/strong> el curs 21-22. Haur\u00e0 d&#8217;omplir la seg\u00fcent documentaci\u00f3: <\/p>\n\n\n\n<ul class=\"wp-block-list\"><li><a href=\"https:\/\/agora.xtec.cat\/iesnarcismonturiol\/wp-content\/uploads\/usu2521\/2021\/06\/BUTLLETA-MENJADOR-2021-22.pdf\" target=\"_blank\" rel=\"noreferrer noopener\">Butlleta de menador.<\/a><\/li><li><a href=\"https:\/\/agora.xtec.cat\/iesnarcismonturiol\/wp-content\/uploads\/usu2521\/2021\/06\/DADES-BANCARIES-MENJADOR.pdf\" target=\"_blank\" rel=\"noreferrer noopener\">Dades Banc\u00e0ries<\/a><\/li><li><a href=\"https:\/\/agora.xtec.cat\/iesnarcismonturiol\/wp-content\/uploads\/usu2521\/2021\/06\/drets-imatge-menjador.pdf\" target=\"_blank\" rel=\"noreferrer noopener\">Drets d&#8217;imatge<\/a><\/li><\/ul>\n\n\n\n<p style=\"font-size:20px\"><strong>Matr\u00edcula per l&#8217;alumnat de nova incorporaci\u00f3 <\/strong>(procedent de les respectives preinscripcions)<\/p>\n\n\n\n<p><strong>Dates per: <\/strong><\/p>\n\n\n\n<p><strong>1r d&#8217;ESO:<\/strong> Del 14 al 18 de juny.<\/p>\n\n\n\n<p><strong>1r i 2n de Batxillerat<\/strong>: Del 12 al 16 de juliol (Demanant cita pr\u00e8via en aquest enlla\u00e7: <a rel=\"noreferrer noopener\" href=\"https:\/\/insmonturiol.cat\/secretaria\/\" target=\"_blank\">https:\/\/insmonturiol.cat\/secretaria\/<\/a>).<\/p>\n\n\n\n<p style=\"font-size:25px\"><strong>Els alumnes que us incorporeu aquest curs al nostre institut de Batxillerat, rebreu els impresos i la documentaci\u00f3 que necessiteu per fer la matr\u00edcula al correu electr\u00f2nic. <\/strong><\/p>\n\n\n\n<p>Documentaci\u00f3 que s&#8217;ha de presentar:<\/p>\n\n\n\n<figure class=\"wp-block-table\"><table><tbody><tr><td>a) Foto carnet (amb el nom i cognoms al darrera).<\/td><\/tr><tr><td>b) Fotoc\u00f2pia actualitzada del DNI de l\u2019alumne\/a.<\/td><\/tr><tr><td>c) Fotoc\u00f2pia del DNI del pare\/mare\/tutor\/a.<\/td><\/tr><tr><td>d) Fotoc\u00f2pia targeta sanit\u00e0ria alumne\/a.<\/td><\/tr><tr><td>e) Fotoc\u00f2pia llibre fam\u00edlia (p\u00e0gina de l\u2019alumne\/a i pares).<\/td><\/tr><tr><td>f) Fotoc\u00f2pia carnet vacunacions (nom\u00e9s per l&#8217;ESO)<br>   Resguard t\u00edtol ESO (per 1r Batxillerat)<br>   \u00daltimes notes (per 2n Batxillerat)<\/td><\/tr><tr><td>g) Impr\u00e8s dades de l\u2019alumne\/a.<br><a rel=\"noreferrer noopener\" href=\"https:\/\/agora.xtec.cat\/iesnarcismonturiol\/wp-content\/uploads\/usu2521\/2021\/06\/Impres-dades-matricula-ESO.pdf\" target=\"_blank\">ESO<\/a><br><a rel=\"noreferrer noopener\" href=\"https:\/\/agora.xtec.cat\/iesnarcismonturiol\/wp-content\/uploads\/usu2521\/2021\/06\/impres-dades-matricula-batxillerat.pdf\" target=\"_blank\">BATXILLERAT<\/a><br><a rel=\"noreferrer noopener\" href=\"https:\/\/agora.xtec.cat\/iesnarcismonturiol\/wp-content\/uploads\/usu2521\/2021\/06\/matricula-1r-BAT-21-22.pdf\" target=\"_blank\">IMPR\u00c8S ASSIGNATURES 1r BATXILLERAT<\/a><br><a rel=\"noreferrer noopener\" href=\"https:\/\/agora.xtec.cat\/iesnarcismonturiol\/wp-content\/uploads\/usu2521\/2021\/06\/2021-22-impres-assignatures-2n-BAT.pdf\" target=\"_blank\">IMPR\u00c8S ASSIGNATURES 2n BATXILLERAT<\/a><\/td><\/tr><tr><td>h) <a rel=\"noreferrer noopener\" href=\"https:\/\/agora.xtec.cat\/iesnarcismonturiol\/wp-content\/uploads\/usu2521\/2021\/06\/Impres_Autoritzacio_Sortides.pdf\" target=\"_blank\">Impr\u00e8s d\u2019autoritzaci\u00f3 sortides<\/a>.<\/td><\/tr><tr><td>i) Impr\u00e8s d\u2019\u00fas de la imatge, publicaci\u00f3 de dades de car\u00e0cter personal i de material.<br><a rel=\"noreferrer noopener\" href=\"https:\/\/agora.xtec.cat\/iesnarcismonturiol\/wp-content\/uploads\/usu2521\/2021\/06\/A251_imatge_menors14.pdf\" target=\"_blank\">Menors de 14 anys.<\/a><br><a rel=\"noreferrer noopener\" href=\"https:\/\/agora.xtec.cat\/iesnarcismonturiol\/wp-content\/uploads\/usu2521\/2021\/06\/A254_imatge_majors14_2122.pdf\" target=\"_blank\">Majors de 14 anys<\/a>.<\/td><\/tr><tr><td>j) Impr\u00e8s autoritzaci\u00f3 \u00fas de serveis i recursos digitals a Internet.<br><a rel=\"noreferrer noopener\" href=\"https:\/\/agora.xtec.cat\/iesnarcismonturiol\/wp-content\/uploads\/usu2521\/2021\/06\/A253_recursos_digitals_menors14.pdf\" target=\"_blank\">Menors de 14 anys.<\/a><br><a rel=\"noreferrer noopener\" href=\"https:\/\/agora.xtec.cat\/iesnarcismonturiol\/wp-content\/uploads\/usu2521\/2021\/06\/A252_recursos_digitals_majors14.pdf\" target=\"_blank\">Majors de 14 anys.<\/a><\/td><\/tr><tr><td>K) <a href=\"https:\/\/agora.xtec.cat\/iesnarcismonturiol\/wp-content\/uploads\/usu2521\/2021\/06\/Carta_Compromis_Educatiu-21-22.pdf\" target=\"_blank\" rel=\"noreferrer noopener\">Carta comprom\u00eds educatiu.<\/a><\/td><\/tr><tr><td>l) <a rel=\"noreferrer noopener\" href=\"https:\/\/agora.xtec.cat\/iesnarcismonturiol\/wp-content\/uploads\/usu2521\/2021\/06\/Impres_Autoritzacio_Sortides.pdf\" target=\"_blank\">Impr\u00e8s d\u2019autoritzaci\u00f3 sortides<\/a>.<\/td><\/tr><\/tbody><\/table><\/figure>\n\n\n\n<p><strong>2) Resguard del pagament de la Quota de l&#8217;AMPA<\/strong><\/p>\n\n\n\n<figure class=\"wp-block-table\"><table><tbody><tr><td><strong>Opci\u00f31<\/strong><\/td><td>Pagament de <strong>30\u20ac<\/strong> -&gt; Nom\u00e9s les fam\u00edlies que abonen solament la quota de l\u2019AMPA.<\/td><\/tr><tr><td><strong>Opci\u00f32<\/strong><\/td><td>Pagament de <strong>45\u20ac<\/strong> -&gt; Nom\u00e9s les fam\u00edlies que abonen la quota de l\u2019AMPA i que faran servir el servei de lloguer de la taquilla (<strong>30\u20ac +15\u20ac<\/strong>).<\/td><\/tr><tr><td><strong>Opci\u00f33<\/strong><\/td><td>Pagament de <strong>50\u20ac<\/strong> -&gt; Nom\u00e9s les fam\u00edlies que abonen la quota de l\u2019AMPA i que faran servir per primera vegada el servei de lloguer de la taquilla <strong>(30\u20ac +15\u20ac + 5\u20ac)<\/strong>.<\/td><\/tr><\/tbody><\/table><figcaption>*El pagament de la quota de l\u2019AMPA s\u2019ha d\u2019efectuar al seg\u00fcent compte bancari: <em>IBAN: <\/em><strong>ES36 2100 0764 3002 0000 3456 <\/strong>(Caixabank)&nbsp;<br>(Caldr\u00e0 escriure com a <strong>Beneficiari: AMPA, Concepte: quota AMPA + taquilla i&nbsp; Remitent: Nom i cognom de l\u2019alumne\/a i curs on es matricula)&nbsp;<\/strong><br><\/figcaption><\/figure>\n\n\n\n<p><strong>3) Pagament anual que s&#8217;ha de fer a trav\u00e9s de l&#8217;aplicaci\u00f3 de TPV. <\/strong> (cada curs paga una quantitat diferent)<\/p>\n\n\n\n<p><strong>4)<\/strong> L&#8217;alumnat que far\u00e0 \u00fas del <strong>servei de menjador<\/strong> el curs 21-22. Haur\u00e0 d&#8217;omplir la seg\u00fcent documentaci\u00f3: <\/p>\n\n\n\n<ul class=\"wp-block-list\"><li><a href=\"https:\/\/agora.xtec.cat\/iesnarcismonturiol\/wp-content\/uploads\/usu2521\/2021\/06\/BUTLLETA-MENJADOR-2021-22.pdf\" target=\"_blank\" rel=\"noreferrer noopener\">Butlleta de menador.<\/a><\/li><li><a href=\"https:\/\/agora.xtec.cat\/iesnarcismonturiol\/wp-content\/uploads\/usu2521\/2021\/06\/DADES-BANCARIES-MENJADOR.pdf\" target=\"_blank\" rel=\"noreferrer noopener\">Dades Banc\u00e0ries<\/a><\/li><li><a href=\"https:\/\/agora.xtec.cat\/iesnarcismonturiol\/wp-content\/uploads\/usu2521\/2021\/06\/drets-imatge-menjador.pdf\" target=\"_blank\" rel=\"noreferrer noopener\">Drets d&#8217;imatge<\/a><\/li><\/ul>\n","protected":false},"excerpt":{"rendered":"<p>Per formalitzar la matr\u00edcula cal presentar la documentaci\u00f3 corresponent i els pagaments en les dates previstes. <\/p>\n<p>Matr\u00edcula per l&#8217;alumnat del centre: <\/p>\n<p>Dates per: <\/p>\n<p>1r, 2n i 3r d&#8217;ESO: data l\u00edmit per entregar la documentaci\u00f3 als tutors i tutores 22 de juny. <\/p>\n<p>1r i 2n de&hellip;  <a href=\"https:\/\/agora.xtec.cat\/iesnarcismonturiol\/general\/matricula-curs-21-22-alumnat-del-centre\/\" title=\"Read Matr\u00edcula curs 2021-22.\">Llegeix m\u00e9s\u00bb<\/a><\/p>\n","protected":false},"author":5,"featured_media":9961,"comment_status":"closed","ping_status":"closed","sticky":true,"template":"","format":"standard","meta":{"_bbp_topic_count":0,"_bbp_reply_count":0,"_bbp_total_topic_count":0,"_bbp_total_reply_count":0,"_bbp_voice_count":0,"_bbp_anonymous_reply_count":0,"_bbp_topic_count_hidden":0,"_bbp_reply_count_hidden":0,"_bbp_forum_subforum_count":0,"footnotes":""},"categories":[125,1],"tags":[161,212,252],"class_list":["post-9957","post","type-post","status-publish","format-standard","has-post-thumbnail","hentry","category-destacada","category-general","tag-batxillerat","tag-eso","tag-matricula"],"post_mailing_queue_ids":[],"_links":{"self":[{"href":"https:\/\/agora.xtec.cat\/iesnarcismonturiol\/wp-json\/wp\/v2\/posts\/9957","targetHints":{"allow":["GET"]}}],"collection":[{"href":"https:\/\/agora.xtec.cat\/iesnarcismonturiol\/wp-json\/wp\/v2\/posts"}],"about":[{"href":"https:\/\/agora.xtec.cat\/iesnarcismonturiol\/wp-json\/wp\/v2\/types\/post"}],"author":[{"embeddable":true,"href":"https:\/\/agora.xtec.cat\/iesnarcismonturiol\/wp-json\/wp\/v2\/users\/5"}],"replies":[{"embeddable":true,"href":"https:\/\/agora.xtec.cat\/iesnarcismonturiol\/wp-json\/wp\/v2\/comments?post=9957"}],"version-history":[{"count":0,"href":"https:\/\/agora.xtec.cat\/iesnarcismonturiol\/wp-json\/wp\/v2\/posts\/9957\/revisions"}],"wp:featuredmedia":[{"embeddable":true,"href":"https:\/\/agora.xtec.cat\/iesnarcismonturiol\/wp-json\/wp\/v2\/media\/9961"}],"wp:attachment":[{"href":"https:\/\/agora.xtec.cat\/iesnarcismonturiol\/wp-json\/wp\/v2\/media?parent=9957"}],"wp:term":[{"taxonomy":"category","embeddable":true,"href":"https:\/\/agora.xtec.cat\/iesnarcismonturiol\/wp-json\/wp\/v2\/categories?post=9957"},{"taxonomy":"post_tag","embeddable":true,"href":"https:\/\/agora.xtec.cat\/iesnarcismonturiol\/wp-json\/wp\/v2\/tags?post=9957"}],"curies":[{"name":"wp","href":"https:\/\/api.w.org\/{rel}","templated":true}]}}