{"id":9937,"date":"2021-06-20T15:07:27","date_gmt":"2021-06-20T13:07:27","guid":{"rendered":"https:\/\/insmonturiol.cat\/?p=9937"},"modified":"2021-06-20T15:07:27","modified_gmt":"2021-06-20T13:07:27","slug":"treballs-de-sintesi-i-projecte-de-recerca","status":"publish","type":"post","link":"https:\/\/agora.xtec.cat\/iesnarcismonturiol\/general\/treballs-de-sintesi-i-projecte-de-recerca\/","title":{"rendered":"Treballs de S\u00edntesi i Projecte de Recerca"},"content":{"rendered":"\n<p><strong>El treball de s\u00edntesi<\/strong>&nbsp;\u00e9s un conjunt d\u2019activitats interdisciplin\u00e0ries on els alumnes haurien de ser capa\u00e7os de desenvolupar compet\u00e8ncies b\u00e0siques treballades en les diferents mat\u00e8ries al llarg del curs. Els alumnes han de fer un treball de s\u00edntesi a 1r, 2n i 3r d\u2019ESO i un Projecte de Recerca a 4t d&#8217;ESO. <\/p>\n\n\n\n<p style=\"font-size:24px\"><strong>El Treball de s\u00edntesi de 1r d&#8217;ESO: Egipte<\/strong><\/p>\n\n\n\n<p>Es tracta d&#8217;un treball d&#8217;investigaci\u00f3 i treball colaboratiu relacionat amb Egipte i la Mesopot\u00e0mia. El treball est\u00e0 format per una s\u00e8rie de sortides (museu Egipci i Campus Arqueol\u00f2gic a Palau-solit\u00e0 i Plegamans) i activitats ( com per exemple: fer pa, fer escarbats egipcis, fer pir\u00e0mides i fer cistells).<\/p>\n\n\n\n<p>Aqu\u00ed teniu unes imatges de les diferents sortides i activitats.<\/p>\n\n\n\n<figure class=\"wp-block-gallery columns-3 is-cropped wp-block-gallery-1 is-layout-flex wp-block-gallery-is-layout-flex\"><ul class=\"blocks-gallery-grid\"><li class=\"blocks-gallery-item\"><figure><img loading=\"lazy\" decoding=\"async\" width=\"768\" height=\"1024\" src=\"https:\/\/agora.xtec.cat\/iesnarcismonturiol\/wp-content\/uploads\/usu2521\/2021\/06\/IMG-20210610-WA0006-768x1024.jpg\" alt=\"\" data-id=\"9938\" data-full-url=\"https:\/\/agora.xtec.cat\/iesnarcismonturiol\/wp-content\/uploads\/usu2521\/2021\/06\/IMG-20210610-WA0006.jpg\" data-link=\"https:\/\/insmonturiol.cat\/?attachment_id=9938\" class=\"wp-image-9938\" srcset=\"https:\/\/agora.xtec.cat\/iesnarcismonturiol\/wp-content\/uploads\/usu2521\/2021\/06\/IMG-20210610-WA0006-768x1024.jpg 768w, https:\/\/agora.xtec.cat\/iesnarcismonturiol\/wp-content\/uploads\/usu2521\/2021\/06\/IMG-20210610-WA0006-225x300.jpg 225w, https:\/\/agora.xtec.cat\/iesnarcismonturiol\/wp-content\/uploads\/usu2521\/2021\/06\/IMG-20210610-WA0006-1152x1536.jpg 1152w, https:\/\/agora.xtec.cat\/iesnarcismonturiol\/wp-content\/uploads\/usu2521\/2021\/06\/IMG-20210610-WA0006.jpg 1500w\" sizes=\"auto, (max-width: 768px) 100vw, 768px\" \/><\/figure><\/li><li class=\"blocks-gallery-item\"><figure><img loading=\"lazy\" decoding=\"async\" width=\"576\" height=\"1024\" src=\"https:\/\/agora.xtec.cat\/iesnarcismonturiol\/wp-content\/uploads\/usu2521\/2021\/06\/IMG-20210610-WA0007-576x1024.jpg\" alt=\"\" data-id=\"9939\" data-full-url=\"https:\/\/agora.xtec.cat\/iesnarcismonturiol\/wp-content\/uploads\/usu2521\/2021\/06\/IMG-20210610-WA0007.jpg\" data-link=\"https:\/\/insmonturiol.cat\/?attachment_id=9939\" class=\"wp-image-9939\" srcset=\"https:\/\/agora.xtec.cat\/iesnarcismonturiol\/wp-content\/uploads\/usu2521\/2021\/06\/IMG-20210610-WA0007-576x1024.jpg 576w, https:\/\/agora.xtec.cat\/iesnarcismonturiol\/wp-content\/uploads\/usu2521\/2021\/06\/IMG-20210610-WA0007-169x300.jpg 169w, https:\/\/agora.xtec.cat\/iesnarcismonturiol\/wp-content\/uploads\/usu2521\/2021\/06\/IMG-20210610-WA0007-768x1365.jpg 768w, https:\/\/agora.xtec.cat\/iesnarcismonturiol\/wp-content\/uploads\/usu2521\/2021\/06\/IMG-20210610-WA0007-864x1536.jpg 864w, https:\/\/agora.xtec.cat\/iesnarcismonturiol\/wp-content\/uploads\/usu2521\/2021\/06\/IMG-20210610-WA0007.jpg 1152w\" sizes=\"auto, (max-width: 576px) 100vw, 576px\" \/><\/figure><\/li><li class=\"blocks-gallery-item\"><figure><img loading=\"lazy\" decoding=\"async\" width=\"768\" height=\"1024\" src=\"https:\/\/agora.xtec.cat\/iesnarcismonturiol\/wp-content\/uploads\/usu2521\/2021\/06\/IMG-20210610-WA0005-768x1024.jpg\" alt=\"\" data-id=\"9940\" data-full-url=\"https:\/\/agora.xtec.cat\/iesnarcismonturiol\/wp-content\/uploads\/usu2521\/2021\/06\/IMG-20210610-WA0005.jpg\" data-link=\"https:\/\/insmonturiol.cat\/?attachment_id=9940\" class=\"wp-image-9940\" srcset=\"https:\/\/agora.xtec.cat\/iesnarcismonturiol\/wp-content\/uploads\/usu2521\/2021\/06\/IMG-20210610-WA0005-768x1023.jpg 768w, https:\/\/agora.xtec.cat\/iesnarcismonturiol\/wp-content\/uploads\/usu2521\/2021\/06\/IMG-20210610-WA0005-225x300.jpg 225w, https:\/\/agora.xtec.cat\/iesnarcismonturiol\/wp-content\/uploads\/usu2521\/2021\/06\/IMG-20210610-WA0005-1153x1536.jpg 1153w, https:\/\/agora.xtec.cat\/iesnarcismonturiol\/wp-content\/uploads\/usu2521\/2021\/06\/IMG-20210610-WA0005.jpg 1200w\" sizes=\"auto, (max-width: 768px) 100vw, 768px\" \/><\/figure><\/li><li class=\"blocks-gallery-item\"><figure><img loading=\"lazy\" decoding=\"async\" width=\"768\" height=\"1024\" src=\"https:\/\/agora.xtec.cat\/iesnarcismonturiol\/wp-content\/uploads\/usu2521\/2021\/06\/IMG-20210609-WA0004-768x1024.jpg\" alt=\"\" data-id=\"9941\" data-full-url=\"https:\/\/agora.xtec.cat\/iesnarcismonturiol\/wp-content\/uploads\/usu2521\/2021\/06\/IMG-20210609-WA0004.jpg\" data-link=\"https:\/\/insmonturiol.cat\/?attachment_id=9941\" class=\"wp-image-9941\" srcset=\"https:\/\/agora.xtec.cat\/iesnarcismonturiol\/wp-content\/uploads\/usu2521\/2021\/06\/IMG-20210609-WA0004-768x1024.jpg 768w, https:\/\/agora.xtec.cat\/iesnarcismonturiol\/wp-content\/uploads\/usu2521\/2021\/06\/IMG-20210609-WA0004-225x300.jpg 225w, https:\/\/agora.xtec.cat\/iesnarcismonturiol\/wp-content\/uploads\/usu2521\/2021\/06\/IMG-20210609-WA0004-1152x1536.jpg 1152w, https:\/\/agora.xtec.cat\/iesnarcismonturiol\/wp-content\/uploads\/usu2521\/2021\/06\/IMG-20210609-WA0004.jpg 1536w\" sizes=\"auto, (max-width: 768px) 100vw, 768px\" \/><\/figure><\/li><\/ul><\/figure>\n\n\n\n<p style=\"font-size:24px\"><strong>Treball de s\u00edntesi de 2n d&#8217;ESO: Collserola<\/strong><\/p>\n\n\n\n<p>Es tracta d&#8217;un treball d&#8217;investigaci\u00f3 i treball colaboratiu relacionat amb la Serra de Collserola. El treball est\u00e0 format per una s\u00e8rie de sortides i activitats per con\u00e8ixer millor aquest entorn que tenim molt a prop de l&#8217;institut, i cal que s\u00e0piguen aprofitar tots els recursos que ens ofereix, aix\u00ed com eines per conservar-lo i respectar-lo. L&#8217;alumnat haur\u00e0 d&#8217;assolir les compet\u00e8ncies per con\u00e8ixer, entendre i respectar un entorn natural com \u00e9s el parc de la Serra de Collerola. <\/p>\n\n\n\n<p>Han fet senderisme, orientaci\u00f3 i una sortida amb bicicleta per la Carretera de les Aig\u00fces gaudint de l&#8217;Skyline de Barcelona. <\/p>\n\n\n\n<p>Aqu\u00ed us deixem alguna de les fotos de l&#8217;alumnat de 2n d&#8217;ESO.<\/p>\n\n\n\n<figure class=\"wp-block-gallery columns-3 is-cropped wp-block-gallery-2 is-layout-flex wp-block-gallery-is-layout-flex\"><ul class=\"blocks-gallery-grid\"><li class=\"blocks-gallery-item\"><figure><img loading=\"lazy\" decoding=\"async\" width=\"1024\" height=\"768\" src=\"https:\/\/agora.xtec.cat\/iesnarcismonturiol\/wp-content\/uploads\/usu2521\/2021\/06\/IMG-20210608-WA0002-1024x768.jpg\" alt=\"\" data-id=\"9942\" data-full-url=\"https:\/\/agora.xtec.cat\/iesnarcismonturiol\/wp-content\/uploads\/usu2521\/2021\/06\/IMG-20210608-WA0002.jpg\" data-link=\"https:\/\/insmonturiol.cat\/?attachment_id=9942\" class=\"wp-image-9942\" srcset=\"https:\/\/agora.xtec.cat\/iesnarcismonturiol\/wp-content\/uploads\/usu2521\/2021\/06\/IMG-20210608-WA0002-1024x768.jpg 1024w, https:\/\/agora.xtec.cat\/iesnarcismonturiol\/wp-content\/uploads\/usu2521\/2021\/06\/IMG-20210608-WA0002-300x225.jpg 300w, https:\/\/agora.xtec.cat\/iesnarcismonturiol\/wp-content\/uploads\/usu2521\/2021\/06\/IMG-20210608-WA0002-768x576.jpg 768w, https:\/\/agora.xtec.cat\/iesnarcismonturiol\/wp-content\/uploads\/usu2521\/2021\/06\/IMG-20210608-WA0002-1536x1152.jpg 1536w, https:\/\/agora.xtec.cat\/iesnarcismonturiol\/wp-content\/uploads\/usu2521\/2021\/06\/IMG-20210608-WA0002-200x150.jpg 200w, https:\/\/agora.xtec.cat\/iesnarcismonturiol\/wp-content\/uploads\/usu2521\/2021\/06\/IMG-20210608-WA0002.jpg 1600w\" sizes=\"auto, (max-width: 1024px) 100vw, 1024px\" \/><\/figure><\/li><li class=\"blocks-gallery-item\"><figure><img loading=\"lazy\" decoding=\"async\" width=\"1024\" height=\"768\" src=\"https:\/\/agora.xtec.cat\/iesnarcismonturiol\/wp-content\/uploads\/usu2521\/2021\/06\/IMG-20210614-WA0001.jpg\" alt=\"\" data-id=\"9943\" data-full-url=\"https:\/\/agora.xtec.cat\/iesnarcismonturiol\/wp-content\/uploads\/usu2521\/2021\/06\/IMG-20210614-WA0001.jpg\" data-link=\"https:\/\/insmonturiol.cat\/?attachment_id=9943\" class=\"wp-image-9943\" srcset=\"https:\/\/agora.xtec.cat\/iesnarcismonturiol\/wp-content\/uploads\/usu2521\/2021\/06\/IMG-20210614-WA0001.jpg 1024w, https:\/\/agora.xtec.cat\/iesnarcismonturiol\/wp-content\/uploads\/usu2521\/2021\/06\/IMG-20210614-WA0001-300x225.jpg 300w, https:\/\/agora.xtec.cat\/iesnarcismonturiol\/wp-content\/uploads\/usu2521\/2021\/06\/IMG-20210614-WA0001-768x576.jpg 768w, https:\/\/agora.xtec.cat\/iesnarcismonturiol\/wp-content\/uploads\/usu2521\/2021\/06\/IMG-20210614-WA0001-200x150.jpg 200w\" sizes=\"auto, (max-width: 1024px) 100vw, 1024px\" \/><\/figure><\/li><li class=\"blocks-gallery-item\"><figure><img loading=\"lazy\" decoding=\"async\" width=\"1024\" height=\"768\" src=\"https:\/\/agora.xtec.cat\/iesnarcismonturiol\/wp-content\/uploads\/usu2521\/2021\/06\/IMG-20210616-WA0012-1024x768.jpg\" alt=\"\" data-id=\"9944\" data-full-url=\"https:\/\/agora.xtec.cat\/iesnarcismonturiol\/wp-content\/uploads\/usu2521\/2021\/06\/IMG-20210616-WA0012.jpg\" data-link=\"https:\/\/insmonturiol.cat\/?attachment_id=9944\" class=\"wp-image-9944\" srcset=\"https:\/\/agora.xtec.cat\/iesnarcismonturiol\/wp-content\/uploads\/usu2521\/2021\/06\/IMG-20210616-WA0012-1024x768.jpg 1024w, https:\/\/agora.xtec.cat\/iesnarcismonturiol\/wp-content\/uploads\/usu2521\/2021\/06\/IMG-20210616-WA0012-300x225.jpg 300w, https:\/\/agora.xtec.cat\/iesnarcismonturiol\/wp-content\/uploads\/usu2521\/2021\/06\/IMG-20210616-WA0012-768x576.jpg 768w, https:\/\/agora.xtec.cat\/iesnarcismonturiol\/wp-content\/uploads\/usu2521\/2021\/06\/IMG-20210616-WA0012-1536x1152.jpg 1536w, https:\/\/agora.xtec.cat\/iesnarcismonturiol\/wp-content\/uploads\/usu2521\/2021\/06\/IMG-20210616-WA0012-200x150.jpg 200w, https:\/\/agora.xtec.cat\/iesnarcismonturiol\/wp-content\/uploads\/usu2521\/2021\/06\/IMG-20210616-WA0012.jpg 2000w\" sizes=\"auto, (max-width: 1024px) 100vw, 1024px\" \/><\/figure><\/li><\/ul><\/figure>\n\n\n\n<p style=\"font-size:24px\"><strong>Treball de s\u00edntesi de 3r d&#8217;ESO: Una Barcelona per descobrir. <\/strong><\/p>\n\n\n\n<p>Es tracta d&#8217;un treball d&#8217;investigaci\u00f3 i treball colaboratiu relacionat amb els barris de Barcelona: Eixample, Gr\u00e0cia i la Rambles. Els alumnes de l\u2019institut desconeixen alguns dels barris de Barcelona, per aix\u00f2 cal donar una mirada m\u00e9s \u00e0mplia de la Barcelona que coneixen. Els temes que tracten en aquest treball de s\u00edntesi s\u00f3n: <strong>Envasos ind\u00fastria aliment\u00e0ria<\/strong>, <strong>Contaminaci\u00f3 CO2 i\/o ac\u00fastica<\/strong>, <\/p>\n\n\n\n<p>Es tracta d&#8217;un treball d&#8217;investigaci\u00f3 i treball colaboratiu relacionat amb els barris de Barcelona: Eixample, Gr\u00e0cia i la Rambles. Els alumnes de l\u2019institut desconeixen alguns dels barris de Barcelona, per aix\u00f2 cal donar una mirada m\u00e9s \u00e0mplia de la Barcelona que coneixen. Els temes que tracten en aquest treball de s\u00edntesi s\u00f3n: <strong>Envasos ind\u00fastria aliment\u00e0ria<\/strong>, <strong>Contaminaci\u00f3 CO2 i\/o ac\u00fastica<\/strong>, <strong>Expressi\u00f3<\/strong>, <strong>Rutes liter\u00e0ries<\/strong>, <strong>Llocs emblem\u00e0tics de Barcelona<\/strong>.<\/p>\n\n\n\n<figure class=\"wp-block-gallery columns-2 is-cropped wp-block-gallery-3 is-layout-flex wp-block-gallery-is-layout-flex\"><ul class=\"blocks-gallery-grid\"><li class=\"blocks-gallery-item\"><figure><img decoding=\"async\" src=\"https:\/\/insmonturiol.cat\/wp-content\/uploads\/2021\/06\/DSC06706-1024x685.jpg\" alt=\"\" data-id=\"9993\" data-full-url=\"https:\/\/agora.xtec.cat\/iesnarcismonturiol\/wp-content\/uploads\/usu2521\/2021\/06\/DSC06706-scaled-1.jpg\" data-link=\"https:\/\/insmonturiol.cat\/treballs-de-sintesi-i-projecte-de-recerca\/sony-dsc-2\/\" class=\"wp-image-9993\"\/><figcaption class=\"blocks-gallery-item__caption\">SONY DSC<\/figcaption><\/figure><\/li><li class=\"blocks-gallery-item\"><figure><img decoding=\"async\" src=\"https:\/\/insmonturiol.cat\/wp-content\/uploads\/2021\/06\/DSC06698-1024x685.jpg\" alt=\"\" data-id=\"9994\" data-full-url=\"https:\/\/agora.xtec.cat\/iesnarcismonturiol\/wp-content\/uploads\/usu2521\/2021\/06\/DSC06698-scaled-1.jpg\" data-link=\"https:\/\/insmonturiol.cat\/treballs-de-sintesi-i-projecte-de-recerca\/sony-dsc-3\/\" class=\"wp-image-9994\"\/><figcaption class=\"blocks-gallery-item__caption\">SONY DSC<\/figcaption><\/figure><\/li><\/ul><\/figure>\n\n\n\n<p style=\"font-size:24px\"><strong>Projecte de recerca de 4t d&#8217;ESO: Creaci\u00f3 d&#8217;una empresa d&#8217;activitats en el medi natural.<\/strong><\/p>\n\n\n\n<p>En el<strong>&nbsp;quart curs<\/strong>&nbsp;tot l\u2019alumnat ha de realitzar un projecte de recerca en equip. Aquest projecte ha d\u2019estar constitu\u00eft per un conjunt d\u2019activitats d\u2019orientaci\u00f3 i recerca realitzades per l\u2019alumnat, sota el guiatge del professorat. En aquest projecte de recerca es demana: que desenvolupin l\u2019esperit emprenedor i la confian\u00e7a en ells mateixos, el sentit cr\u00edtic, la iniciativa personal i la capacitat per aprendre a aprendre, planificar, prendre decisions i assumir responsabilitats.<\/p>\n\n\n\n<div class=\"wp-block-group\"><div class=\"wp-block-group__inner-container is-layout-flow wp-block-group-is-layout-flow\">\n<p>Els objectius del Projecte de Recerca s\u00f3n:<\/p>\n\n\n\n<ul class=\"wp-block-list\"><li>Con\u00e8ixer els passos per crear una empresa relacionada amb les activitats a la natura o de l\u2019\u00e0mbit del turisme<\/li><li>Saber treballar de manera cooperativa<\/li><li>Aprendre a crear una p\u00e0gina web amb Google Sites.<\/li><li>Prendre contacte amb el m\u00f3n laboral.<\/li><li>Dissenyar una campanya de m\u00e0rketing.<\/li><li>Treballar les compet\u00e8ncies d\u2019expressi\u00f3 oral i escrita.<\/li><\/ul>\n\n\n\n<p>I per acabar tots els dies de feina que han fet els alumnes a l&#8217;institut, ha tocat anar a Androrra de final de curs de 4t d&#8217;ESO. Aqu\u00ed us deixem unes fotos:<\/p>\n<\/div><\/div>\n\n\n\n<figure class=\"wp-block-gallery columns-3 is-cropped wp-block-gallery-4 is-layout-flex wp-block-gallery-is-layout-flex\"><ul class=\"blocks-gallery-grid\"><li class=\"blocks-gallery-item\"><figure><img loading=\"lazy\" decoding=\"async\" width=\"1024\" height=\"576\" src=\"https:\/\/agora.xtec.cat\/iesnarcismonturiol\/wp-content\/uploads\/usu2521\/2021\/06\/IMG-20210617-WA0004-1024x576.jpg\" alt=\"\" data-id=\"9945\" data-full-url=\"https:\/\/agora.xtec.cat\/iesnarcismonturiol\/wp-content\/uploads\/usu2521\/2021\/06\/IMG-20210617-WA0004.jpg\" data-link=\"https:\/\/insmonturiol.cat\/?attachment_id=9945\" class=\"wp-image-9945\" srcset=\"https:\/\/agora.xtec.cat\/iesnarcismonturiol\/wp-content\/uploads\/usu2521\/2021\/06\/IMG-20210617-WA0004-1024x576.jpg 1024w, https:\/\/agora.xtec.cat\/iesnarcismonturiol\/wp-content\/uploads\/usu2521\/2021\/06\/IMG-20210617-WA0004-300x169.jpg 300w, https:\/\/agora.xtec.cat\/iesnarcismonturiol\/wp-content\/uploads\/usu2521\/2021\/06\/IMG-20210617-WA0004-768x432.jpg 768w, https:\/\/agora.xtec.cat\/iesnarcismonturiol\/wp-content\/uploads\/usu2521\/2021\/06\/IMG-20210617-WA0004-1536x864.jpg 1536w, https:\/\/agora.xtec.cat\/iesnarcismonturiol\/wp-content\/uploads\/usu2521\/2021\/06\/IMG-20210617-WA0004.jpg 2048w\" sizes=\"auto, (max-width: 1024px) 100vw, 1024px\" \/><\/figure><\/li><li class=\"blocks-gallery-item\"><figure><img loading=\"lazy\" decoding=\"async\" width=\"1024\" height=\"576\" src=\"https:\/\/agora.xtec.cat\/iesnarcismonturiol\/wp-content\/uploads\/usu2521\/2021\/06\/IMG-20210616-WA0018-1024x576.jpg\" alt=\"\" data-id=\"9946\" data-full-url=\"https:\/\/agora.xtec.cat\/iesnarcismonturiol\/wp-content\/uploads\/usu2521\/2021\/06\/IMG-20210616-WA0018.jpg\" data-link=\"https:\/\/insmonturiol.cat\/?attachment_id=9946\" class=\"wp-image-9946\" srcset=\"https:\/\/agora.xtec.cat\/iesnarcismonturiol\/wp-content\/uploads\/usu2521\/2021\/06\/IMG-20210616-WA0018-1024x576.jpg 1024w, https:\/\/agora.xtec.cat\/iesnarcismonturiol\/wp-content\/uploads\/usu2521\/2021\/06\/IMG-20210616-WA0018-300x169.jpg 300w, https:\/\/agora.xtec.cat\/iesnarcismonturiol\/wp-content\/uploads\/usu2521\/2021\/06\/IMG-20210616-WA0018-768x432.jpg 768w, https:\/\/agora.xtec.cat\/iesnarcismonturiol\/wp-content\/uploads\/usu2521\/2021\/06\/IMG-20210616-WA0018.jpg 1328w\" sizes=\"auto, (max-width: 1024px) 100vw, 1024px\" \/><\/figure><\/li><li class=\"blocks-gallery-item\"><figure><img loading=\"lazy\" decoding=\"async\" width=\"1024\" height=\"576\" src=\"https:\/\/agora.xtec.cat\/iesnarcismonturiol\/wp-content\/uploads\/usu2521\/2021\/06\/IMG-20210615-WA0021-1024x576.jpg\" alt=\"\" data-id=\"9948\" data-full-url=\"https:\/\/agora.xtec.cat\/iesnarcismonturiol\/wp-content\/uploads\/usu2521\/2021\/06\/IMG-20210615-WA0021.jpg\" data-link=\"https:\/\/insmonturiol.cat\/?attachment_id=9948\" class=\"wp-image-9948\" srcset=\"https:\/\/agora.xtec.cat\/iesnarcismonturiol\/wp-content\/uploads\/usu2521\/2021\/06\/IMG-20210615-WA0021-1024x576.jpg 1024w, https:\/\/agora.xtec.cat\/iesnarcismonturiol\/wp-content\/uploads\/usu2521\/2021\/06\/IMG-20210615-WA0021-300x169.jpg 300w, https:\/\/agora.xtec.cat\/iesnarcismonturiol\/wp-content\/uploads\/usu2521\/2021\/06\/IMG-20210615-WA0021-768x432.jpg 768w, https:\/\/agora.xtec.cat\/iesnarcismonturiol\/wp-content\/uploads\/usu2521\/2021\/06\/IMG-20210615-WA0021-1536x864.jpg 1536w, https:\/\/agora.xtec.cat\/iesnarcismonturiol\/wp-content\/uploads\/usu2521\/2021\/06\/IMG-20210615-WA0021.jpg 2048w\" sizes=\"auto, (max-width: 1024px) 100vw, 1024px\" \/><\/figure><\/li><li class=\"blocks-gallery-item\"><figure><img loading=\"lazy\" decoding=\"async\" width=\"1024\" height=\"576\" src=\"https:\/\/agora.xtec.cat\/iesnarcismonturiol\/wp-content\/uploads\/usu2521\/2021\/06\/IMG-20210614-WA0007-1024x576.jpg\" alt=\"\" data-id=\"9949\" data-full-url=\"https:\/\/agora.xtec.cat\/iesnarcismonturiol\/wp-content\/uploads\/usu2521\/2021\/06\/IMG-20210614-WA0007.jpg\" data-link=\"https:\/\/insmonturiol.cat\/?attachment_id=9949\" class=\"wp-image-9949\" srcset=\"https:\/\/agora.xtec.cat\/iesnarcismonturiol\/wp-content\/uploads\/usu2521\/2021\/06\/IMG-20210614-WA0007-1024x576.jpg 1024w, https:\/\/agora.xtec.cat\/iesnarcismonturiol\/wp-content\/uploads\/usu2521\/2021\/06\/IMG-20210614-WA0007-300x169.jpg 300w, https:\/\/agora.xtec.cat\/iesnarcismonturiol\/wp-content\/uploads\/usu2521\/2021\/06\/IMG-20210614-WA0007-768x432.jpg 768w, https:\/\/agora.xtec.cat\/iesnarcismonturiol\/wp-content\/uploads\/usu2521\/2021\/06\/IMG-20210614-WA0007.jpg 1328w\" sizes=\"auto, (max-width: 1024px) 100vw, 1024px\" \/><\/figure><\/li><li class=\"blocks-gallery-item\"><figure><img loading=\"lazy\" decoding=\"async\" width=\"1024\" height=\"576\" src=\"https:\/\/agora.xtec.cat\/iesnarcismonturiol\/wp-content\/uploads\/usu2521\/2021\/06\/IMG-20210615-WA0009-1024x576.jpg\" alt=\"\" data-id=\"9950\" data-full-url=\"https:\/\/agora.xtec.cat\/iesnarcismonturiol\/wp-content\/uploads\/usu2521\/2021\/06\/IMG-20210615-WA0009.jpg\" data-link=\"https:\/\/insmonturiol.cat\/?attachment_id=9950\" class=\"wp-image-9950\" srcset=\"https:\/\/agora.xtec.cat\/iesnarcismonturiol\/wp-content\/uploads\/usu2521\/2021\/06\/IMG-20210615-WA0009-1024x576.jpg 1024w, https:\/\/agora.xtec.cat\/iesnarcismonturiol\/wp-content\/uploads\/usu2521\/2021\/06\/IMG-20210615-WA0009-300x169.jpg 300w, https:\/\/agora.xtec.cat\/iesnarcismonturiol\/wp-content\/uploads\/usu2521\/2021\/06\/IMG-20210615-WA0009-768x432.jpg 768w, https:\/\/agora.xtec.cat\/iesnarcismonturiol\/wp-content\/uploads\/usu2521\/2021\/06\/IMG-20210615-WA0009-1536x864.jpg 1536w, https:\/\/agora.xtec.cat\/iesnarcismonturiol\/wp-content\/uploads\/usu2521\/2021\/06\/IMG-20210615-WA0009.jpg 2048w\" sizes=\"auto, (max-width: 1024px) 100vw, 1024px\" \/><\/figure><\/li><li class=\"blocks-gallery-item\"><figure><img loading=\"lazy\" decoding=\"async\" width=\"1024\" height=\"704\" src=\"https:\/\/agora.xtec.cat\/iesnarcismonturiol\/wp-content\/uploads\/usu2521\/2021\/06\/IMG-20210614-WA0004-1024x704.jpg\" alt=\"\" data-id=\"9951\" data-full-url=\"https:\/\/agora.xtec.cat\/iesnarcismonturiol\/wp-content\/uploads\/usu2521\/2021\/06\/IMG-20210614-WA0004.jpg\" data-link=\"https:\/\/insmonturiol.cat\/?attachment_id=9951\" class=\"wp-image-9951\" srcset=\"https:\/\/agora.xtec.cat\/iesnarcismonturiol\/wp-content\/uploads\/usu2521\/2021\/06\/IMG-20210614-WA0004-1024x704.jpg 1024w, https:\/\/agora.xtec.cat\/iesnarcismonturiol\/wp-content\/uploads\/usu2521\/2021\/06\/IMG-20210614-WA0004-300x206.jpg 300w, https:\/\/agora.xtec.cat\/iesnarcismonturiol\/wp-content\/uploads\/usu2521\/2021\/06\/IMG-20210614-WA0004-768x528.jpg 768w, https:\/\/agora.xtec.cat\/iesnarcismonturiol\/wp-content\/uploads\/usu2521\/2021\/06\/IMG-20210614-WA0004.jpg 1405w\" sizes=\"auto, (max-width: 1024px) 100vw, 1024px\" \/><\/figure><\/li><li class=\"blocks-gallery-item\"><figure><img loading=\"lazy\" decoding=\"async\" width=\"1024\" height=\"576\" src=\"https:\/\/agora.xtec.cat\/iesnarcismonturiol\/wp-content\/uploads\/usu2521\/2021\/06\/IMG-20210615-WA0019-1024x576.jpg\" alt=\"\" data-id=\"9947\" data-full-url=\"https:\/\/agora.xtec.cat\/iesnarcismonturiol\/wp-content\/uploads\/usu2521\/2021\/06\/IMG-20210615-WA0019.jpg\" data-link=\"https:\/\/insmonturiol.cat\/?attachment_id=9947\" class=\"wp-image-9947\" srcset=\"https:\/\/agora.xtec.cat\/iesnarcismonturiol\/wp-content\/uploads\/usu2521\/2021\/06\/IMG-20210615-WA0019-1024x576.jpg 1024w, https:\/\/agora.xtec.cat\/iesnarcismonturiol\/wp-content\/uploads\/usu2521\/2021\/06\/IMG-20210615-WA0019-300x169.jpg 300w, https:\/\/agora.xtec.cat\/iesnarcismonturiol\/wp-content\/uploads\/usu2521\/2021\/06\/IMG-20210615-WA0019-768x432.jpg 768w, https:\/\/agora.xtec.cat\/iesnarcismonturiol\/wp-content\/uploads\/usu2521\/2021\/06\/IMG-20210615-WA0019.jpg 1328w\" sizes=\"auto, (max-width: 1024px) 100vw, 1024px\" \/><\/figure><\/li><\/ul><\/figure>\n","protected":false},"excerpt":{"rendered":"<p>El treball de s\u00edntesi&nbsp;\u00e9s un conjunt d\u2019activitats interdisciplin\u00e0ries on els alumnes haurien de ser capa\u00e7os de desenvolupar compet\u00e8ncies b\u00e0siques treballades en les diferents mat\u00e8ries al llarg del curs. Els alumnes han de fer un treball de s\u00edntesi a 1r, 2n i 3r d\u2019ESO i un&hellip;  <a href=\"https:\/\/agora.xtec.cat\/iesnarcismonturiol\/general\/treballs-de-sintesi-i-projecte-de-recerca\/\" title=\"Read Treballs de S\u00edntesi i Projecte de Recerca\">Llegeix m\u00e9s\u00bb<\/a><\/p>\n","protected":false},"author":5,"featured_media":9952,"comment_status":"closed","ping_status":"closed","sticky":false,"template":"","format":"standard","meta":{"_bbp_topic_count":0,"_bbp_reply_count":0,"_bbp_total_topic_count":0,"_bbp_total_reply_count":0,"_bbp_voice_count":0,"_bbp_anonymous_reply_count":0,"_bbp_topic_count_hidden":0,"_bbp_reply_count_hidden":0,"_bbp_forum_subforum_count":0,"footnotes":""},"categories":[125,1],"tags":[285,315],"class_list":["post-9937","post","type-post","status-publish","format-standard","has-post-thumbnail","hentry","category-destacada","category-general","tag-projecte-de-recerca","tag-treballs-de-sintesi"],"post_mailing_queue_ids":[],"_links":{"self":[{"href":"https:\/\/agora.xtec.cat\/iesnarcismonturiol\/wp-json\/wp\/v2\/posts\/9937","targetHints":{"allow":["GET"]}}],"collection":[{"href":"https:\/\/agora.xtec.cat\/iesnarcismonturiol\/wp-json\/wp\/v2\/posts"}],"about":[{"href":"https:\/\/agora.xtec.cat\/iesnarcismonturiol\/wp-json\/wp\/v2\/types\/post"}],"author":[{"embeddable":true,"href":"https:\/\/agora.xtec.cat\/iesnarcismonturiol\/wp-json\/wp\/v2\/users\/5"}],"replies":[{"embeddable":true,"href":"https:\/\/agora.xtec.cat\/iesnarcismonturiol\/wp-json\/wp\/v2\/comments?post=9937"}],"version-history":[{"count":0,"href":"https:\/\/agora.xtec.cat\/iesnarcismonturiol\/wp-json\/wp\/v2\/posts\/9937\/revisions"}],"wp:featuredmedia":[{"embeddable":true,"href":"https:\/\/agora.xtec.cat\/iesnarcismonturiol\/wp-json\/wp\/v2\/media\/9952"}],"wp:attachment":[{"href":"https:\/\/agora.xtec.cat\/iesnarcismonturiol\/wp-json\/wp\/v2\/media?parent=9937"}],"wp:term":[{"taxonomy":"category","embeddable":true,"href":"https:\/\/agora.xtec.cat\/iesnarcismonturiol\/wp-json\/wp\/v2\/categories?post=9937"},{"taxonomy":"post_tag","embeddable":true,"href":"https:\/\/agora.xtec.cat\/iesnarcismonturiol\/wp-json\/wp\/v2\/tags?post=9937"}],"curies":[{"name":"wp","href":"https:\/\/api.w.org\/{rel}","templated":true}]}}