{"id":9922,"date":"2021-06-16T13:23:50","date_gmt":"2021-06-16T11:23:50","guid":{"rendered":"https:\/\/insmonturiol.cat\/?p=9922"},"modified":"2021-06-16T13:23:50","modified_gmt":"2021-06-16T11:23:50","slug":"projecte-mosquito-alert-1r-deso","status":"publish","type":"post","link":"https:\/\/agora.xtec.cat\/iesnarcismonturiol\/general\/projecte-mosquito-alert-1r-deso\/","title":{"rendered":"Projecte Mosquito Alert 1r d&#8217;ESO"},"content":{"rendered":"\n<p>Durant les \u00faltimes setmanes del curs l&#8217;alumnat de 1r d&#8217;ESO ha participat en el projecte Mosquito Alert. Es tracta d&#8217;un projecte de ci\u00e8ncia ciutadana on col\u00b7laboren amb els cient\u00edfics i els gestors de salut p\u00fablica i medi ambient amb l&#8217;objectiu de controlar l&#8217;expansi\u00f3 de mosquits invasors, com el mosquit tigre o el mosquit de la febre groga, ja que aquests son capa\u00e7os de transmetre malalties com el Zika o el Dengue.&nbsp;<br>L&#8217;alumnat va comen\u00e7ar el projecte estudiant les diferents esp\u00e8cies invasores de mosquits que s&#8217;intenten controlar des del projecte a partir de la cerca d&#8217;informaci\u00f3 i l&#8217;observaci\u00f3 de les diferents fases del cicle de vida dels mosquits al laboratori. <\/p>\n\n\n\n<figure class=\"wp-block-gallery columns-2 is-cropped wp-block-gallery-1 is-layout-flex wp-block-gallery-is-layout-flex\"><ul class=\"blocks-gallery-grid\"><li class=\"blocks-gallery-item\"><figure><img loading=\"lazy\" decoding=\"async\" width=\"1024\" height=\"768\" src=\"https:\/\/agora.xtec.cat\/iesnarcismonturiol\/wp-content\/uploads\/usu2521\/2021\/06\/WhatsApp-Image-2021-06-15-at-16.53.26-1-1024x768.jpeg\" alt=\"\" data-id=\"9926\" data-full-url=\"https:\/\/agora.xtec.cat\/iesnarcismonturiol\/wp-content\/uploads\/usu2521\/2021\/06\/WhatsApp-Image-2021-06-15-at-16.53.26-1.jpeg\" data-link=\"https:\/\/insmonturiol.cat\/?attachment_id=9926\" class=\"wp-image-9926\" srcset=\"https:\/\/agora.xtec.cat\/iesnarcismonturiol\/wp-content\/uploads\/usu2521\/2021\/06\/WhatsApp-Image-2021-06-15-at-16.53.26-1-1024x768.jpeg 1024w, https:\/\/agora.xtec.cat\/iesnarcismonturiol\/wp-content\/uploads\/usu2521\/2021\/06\/WhatsApp-Image-2021-06-15-at-16.53.26-1-300x225.jpeg 300w, https:\/\/agora.xtec.cat\/iesnarcismonturiol\/wp-content\/uploads\/usu2521\/2021\/06\/WhatsApp-Image-2021-06-15-at-16.53.26-1-768x576.jpeg 768w, https:\/\/agora.xtec.cat\/iesnarcismonturiol\/wp-content\/uploads\/usu2521\/2021\/06\/WhatsApp-Image-2021-06-15-at-16.53.26-1-1536x1152.jpeg 1536w, https:\/\/agora.xtec.cat\/iesnarcismonturiol\/wp-content\/uploads\/usu2521\/2021\/06\/WhatsApp-Image-2021-06-15-at-16.53.26-1-200x150.jpeg 200w, https:\/\/agora.xtec.cat\/iesnarcismonturiol\/wp-content\/uploads\/usu2521\/2021\/06\/WhatsApp-Image-2021-06-15-at-16.53.26-1.jpeg 2048w\" sizes=\"auto, (max-width: 1024px) 100vw, 1024px\" \/><\/figure><\/li><li class=\"blocks-gallery-item\"><figure><img loading=\"lazy\" decoding=\"async\" width=\"1024\" height=\"768\" src=\"https:\/\/agora.xtec.cat\/iesnarcismonturiol\/wp-content\/uploads\/usu2521\/2021\/06\/WhatsApp-Image-2021-06-15-at-16.53.26-2-1024x768.jpeg\" alt=\"\" data-id=\"9927\" data-full-url=\"https:\/\/agora.xtec.cat\/iesnarcismonturiol\/wp-content\/uploads\/usu2521\/2021\/06\/WhatsApp-Image-2021-06-15-at-16.53.26-2.jpeg\" data-link=\"https:\/\/insmonturiol.cat\/?attachment_id=9927\" class=\"wp-image-9927\" srcset=\"https:\/\/agora.xtec.cat\/iesnarcismonturiol\/wp-content\/uploads\/usu2521\/2021\/06\/WhatsApp-Image-2021-06-15-at-16.53.26-2-1024x768.jpeg 1024w, https:\/\/agora.xtec.cat\/iesnarcismonturiol\/wp-content\/uploads\/usu2521\/2021\/06\/WhatsApp-Image-2021-06-15-at-16.53.26-2-300x225.jpeg 300w, https:\/\/agora.xtec.cat\/iesnarcismonturiol\/wp-content\/uploads\/usu2521\/2021\/06\/WhatsApp-Image-2021-06-15-at-16.53.26-2-768x576.jpeg 768w, https:\/\/agora.xtec.cat\/iesnarcismonturiol\/wp-content\/uploads\/usu2521\/2021\/06\/WhatsApp-Image-2021-06-15-at-16.53.26-2-1536x1152.jpeg 1536w, https:\/\/agora.xtec.cat\/iesnarcismonturiol\/wp-content\/uploads\/usu2521\/2021\/06\/WhatsApp-Image-2021-06-15-at-16.53.26-2-200x150.jpeg 200w, https:\/\/agora.xtec.cat\/iesnarcismonturiol\/wp-content\/uploads\/usu2521\/2021\/06\/WhatsApp-Image-2021-06-15-at-16.53.26-2.jpeg 2048w\" sizes=\"auto, (max-width: 1024px) 100vw, 1024px\" \/><\/figure><\/li><\/ul><\/figure>\n\n\n\n<p>Posteriorment, es va realitzar una sortida per recollir dades, a trav\u00e9s de l&#8217;aplicaci\u00f3, sobre els punts de cria i els mosquits observats a la zona d&#8217;Horta.&nbsp;<\/p>\n\n\n\n<figure class=\"wp-block-gallery columns-1 is-cropped wp-block-gallery-2 is-layout-flex wp-block-gallery-is-layout-flex\"><ul class=\"blocks-gallery-grid\"><li class=\"blocks-gallery-item\"><figure><img loading=\"lazy\" decoding=\"async\" width=\"1024\" height=\"768\" src=\"https:\/\/agora.xtec.cat\/iesnarcismonturiol\/wp-content\/uploads\/usu2521\/2021\/06\/WhatsApp-Image-2021-06-15-at-16.54.01-1024x768.jpeg\" alt=\"\" data-id=\"9928\" data-full-url=\"https:\/\/agora.xtec.cat\/iesnarcismonturiol\/wp-content\/uploads\/usu2521\/2021\/06\/WhatsApp-Image-2021-06-15-at-16.54.01.jpeg\" data-link=\"https:\/\/insmonturiol.cat\/?attachment_id=9928\" class=\"wp-image-9928\" srcset=\"https:\/\/agora.xtec.cat\/iesnarcismonturiol\/wp-content\/uploads\/usu2521\/2021\/06\/WhatsApp-Image-2021-06-15-at-16.54.01-1024x768.jpeg 1024w, https:\/\/agora.xtec.cat\/iesnarcismonturiol\/wp-content\/uploads\/usu2521\/2021\/06\/WhatsApp-Image-2021-06-15-at-16.54.01-300x225.jpeg 300w, https:\/\/agora.xtec.cat\/iesnarcismonturiol\/wp-content\/uploads\/usu2521\/2021\/06\/WhatsApp-Image-2021-06-15-at-16.54.01-768x576.jpeg 768w, https:\/\/agora.xtec.cat\/iesnarcismonturiol\/wp-content\/uploads\/usu2521\/2021\/06\/WhatsApp-Image-2021-06-15-at-16.54.01-1536x1152.jpeg 1536w, https:\/\/agora.xtec.cat\/iesnarcismonturiol\/wp-content\/uploads\/usu2521\/2021\/06\/WhatsApp-Image-2021-06-15-at-16.54.01-200x150.jpeg 200w, https:\/\/agora.xtec.cat\/iesnarcismonturiol\/wp-content\/uploads\/usu2521\/2021\/06\/WhatsApp-Image-2021-06-15-at-16.54.01.jpeg 2048w\" sizes=\"auto, (max-width: 1024px) 100vw, 1024px\" \/><\/figure><\/li><\/ul><\/figure>\n\n\n\n<p>Un cop les dades van ser validades pels cient\u00edfics, l&#8217;alumnat va desenvolupar els productes finals per donar a con\u00e8ixer el projecte i presentar les dades obtingudes.&nbsp;<br>Avui, representats per dos alumnes i una docent, l&#8217;institut ha assistit a l&#8217;acte final del projecte, juntament amb els altres 7 instituts de Barcelona que hi participaven. El grup de l&#8217;Alonso, la Mar i el Lucas de 1r A ha rebut el premi al millor p\u00f2ster cient\u00edfic de la categoria juvenil. Felicitats a tots tres!&nbsp;&nbsp;<\/p>\n\n\n\n<p>Noemi Vita: professora de Ci\u00e8ncies Naturals.<\/p>\n\n\n\n<figure class=\"wp-block-gallery columns-1 is-cropped wp-block-gallery-3 is-layout-flex wp-block-gallery-is-layout-flex\"><ul class=\"blocks-gallery-grid\"><li class=\"blocks-gallery-item\"><figure><img loading=\"lazy\" decoding=\"async\" width=\"1024\" height=\"768\" src=\"https:\/\/agora.xtec.cat\/iesnarcismonturiol\/wp-content\/uploads\/usu2521\/2021\/06\/WhatsApp-Image-2021-06-15-at-16.54.57-1024x768.jpeg\" alt=\"\" data-id=\"9929\" data-full-url=\"https:\/\/agora.xtec.cat\/iesnarcismonturiol\/wp-content\/uploads\/usu2521\/2021\/06\/WhatsApp-Image-2021-06-15-at-16.54.57.jpeg\" data-link=\"https:\/\/insmonturiol.cat\/?attachment_id=9929\" class=\"wp-image-9929\" srcset=\"https:\/\/agora.xtec.cat\/iesnarcismonturiol\/wp-content\/uploads\/usu2521\/2021\/06\/WhatsApp-Image-2021-06-15-at-16.54.57-1024x768.jpeg 1024w, https:\/\/agora.xtec.cat\/iesnarcismonturiol\/wp-content\/uploads\/usu2521\/2021\/06\/WhatsApp-Image-2021-06-15-at-16.54.57-300x225.jpeg 300w, https:\/\/agora.xtec.cat\/iesnarcismonturiol\/wp-content\/uploads\/usu2521\/2021\/06\/WhatsApp-Image-2021-06-15-at-16.54.57-768x576.jpeg 768w, https:\/\/agora.xtec.cat\/iesnarcismonturiol\/wp-content\/uploads\/usu2521\/2021\/06\/WhatsApp-Image-2021-06-15-at-16.54.57-1536x1152.jpeg 1536w, https:\/\/agora.xtec.cat\/iesnarcismonturiol\/wp-content\/uploads\/usu2521\/2021\/06\/WhatsApp-Image-2021-06-15-at-16.54.57-200x150.jpeg 200w, https:\/\/agora.xtec.cat\/iesnarcismonturiol\/wp-content\/uploads\/usu2521\/2021\/06\/WhatsApp-Image-2021-06-15-at-16.54.57.jpeg 2048w\" sizes=\"auto, (max-width: 1024px) 100vw, 1024px\" \/><\/figure><\/li><\/ul><\/figure>\n","protected":false},"excerpt":{"rendered":"<p>Durant les \u00faltimes setmanes del curs l&#8217;alumnat de 1r d&#8217;ESO ha participat en el projecte Mosquito Alert. Es tracta d&#8217;un projecte de ci\u00e8ncia ciutadana on col\u00b7laboren amb els cient\u00edfics i els gestors de salut p\u00fablica i medi ambient amb l&#8217;objectiu de controlar l&#8217;expansi\u00f3 de mosquits&hellip;  <a href=\"https:\/\/agora.xtec.cat\/iesnarcismonturiol\/general\/projecte-mosquito-alert-1r-deso\/\" title=\"Read Projecte Mosquito Alert 1r d&#8217;ESO\">Llegeix m\u00e9s\u00bb<\/a><\/p>\n","protected":false},"author":5,"featured_media":9928,"comment_status":"closed","ping_status":"closed","sticky":false,"template":"","format":"standard","meta":{"_bbp_topic_count":0,"_bbp_reply_count":0,"_bbp_total_topic_count":0,"_bbp_total_reply_count":0,"_bbp_voice_count":0,"_bbp_anonymous_reply_count":0,"_bbp_topic_count_hidden":0,"_bbp_reply_count_hidden":0,"_bbp_forum_subforum_count":0,"footnotes":""},"categories":[122,125,1],"tags":[261],"class_list":["post-9922","post","type-post","status-publish","format-standard","has-post-thumbnail","hentry","category-ciencies-naturals","category-destacada","category-general","tag-mosquitoalert"],"post_mailing_queue_ids":[],"_links":{"self":[{"href":"https:\/\/agora.xtec.cat\/iesnarcismonturiol\/wp-json\/wp\/v2\/posts\/9922","targetHints":{"allow":["GET"]}}],"collection":[{"href":"https:\/\/agora.xtec.cat\/iesnarcismonturiol\/wp-json\/wp\/v2\/posts"}],"about":[{"href":"https:\/\/agora.xtec.cat\/iesnarcismonturiol\/wp-json\/wp\/v2\/types\/post"}],"author":[{"embeddable":true,"href":"https:\/\/agora.xtec.cat\/iesnarcismonturiol\/wp-json\/wp\/v2\/users\/5"}],"replies":[{"embeddable":true,"href":"https:\/\/agora.xtec.cat\/iesnarcismonturiol\/wp-json\/wp\/v2\/comments?post=9922"}],"version-history":[{"count":0,"href":"https:\/\/agora.xtec.cat\/iesnarcismonturiol\/wp-json\/wp\/v2\/posts\/9922\/revisions"}],"wp:featuredmedia":[{"embeddable":true,"href":"https:\/\/agora.xtec.cat\/iesnarcismonturiol\/wp-json\/wp\/v2\/media\/9928"}],"wp:attachment":[{"href":"https:\/\/agora.xtec.cat\/iesnarcismonturiol\/wp-json\/wp\/v2\/media?parent=9922"}],"wp:term":[{"taxonomy":"category","embeddable":true,"href":"https:\/\/agora.xtec.cat\/iesnarcismonturiol\/wp-json\/wp\/v2\/categories?post=9922"},{"taxonomy":"post_tag","embeddable":true,"href":"https:\/\/agora.xtec.cat\/iesnarcismonturiol\/wp-json\/wp\/v2\/tags?post=9922"}],"curies":[{"name":"wp","href":"https:\/\/api.w.org\/{rel}","templated":true}]}}