{"id":9873,"date":"2021-06-06T15:43:57","date_gmt":"2021-06-06T13:43:57","guid":{"rendered":"https:\/\/insmonturiol.cat\/?p=9873"},"modified":"2021-06-06T15:43:57","modified_gmt":"2021-06-06T13:43:57","slug":"comiat-de-lhort","status":"publish","type":"post","link":"https:\/\/agora.xtec.cat\/iesnarcismonturiol\/general\/comiat-de-lhort\/","title":{"rendered":"Comiat de l&#8217;hort"},"content":{"rendered":"\n<p>Els alumnes de 2n d&#8217;ESO A aquest \u00faltim trimestre hem estat fent l&#8217;optativa d&#8217;hort. Hem apr\u00e8s coses noves sobre com treballar la terra, molta informaci\u00f3 sobre les diferents plantes que cultivem a l&#8217;hort, com es fa el compost, com regar correctament\u2026<\/p>\n\n\n\n<figure class=\"wp-block-gallery columns-2 is-cropped wp-block-gallery-1 is-layout-flex wp-block-gallery-is-layout-flex\"><ul class=\"blocks-gallery-grid\"><li class=\"blocks-gallery-item\"><figure><img decoding=\"async\" src=\"https:\/\/insmonturiol.cat\/wp-content\/uploads\/2021\/06\/IMG_20210602_103545-1024x768.jpg\" alt=\"\" data-id=\"9876\" data-full-url=\"https:\/\/agora.xtec.cat\/iesnarcismonturiol\/wp-content\/uploads\/usu2521\/2021\/06\/IMG_20210602_103545-scaled-1.jpg\" data-link=\"https:\/\/insmonturiol.cat\/comiat-de-lhort\/img_20210602_103545\/\" class=\"wp-image-9876\"\/><\/figure><\/li><li class=\"blocks-gallery-item\"><figure><img decoding=\"async\" src=\"https:\/\/insmonturiol.cat\/wp-content\/uploads\/2021\/06\/IMG_20210602_102346-768x1024.jpg\" alt=\"\" data-id=\"9874\" data-full-url=\"https:\/\/agora.xtec.cat\/iesnarcismonturiol\/wp-content\/uploads\/usu2521\/2021\/06\/IMG_20210602_102346-scaled-1.jpg\" data-link=\"https:\/\/insmonturiol.cat\/comiat-de-lhort\/img_20210602_102346\/\" class=\"wp-image-9874\"\/><\/figure><\/li><\/ul><\/figure>\n\n\n\n<p>Avui hem fet l&#8217;\u00faltima classe d&#8217;hort, ha estat molt interessant i divertida i ens hem pogut acomiadar de l&#8217;hort.&nbsp;<br>Ainoa: alumna de 2n d&#8217;ESO C<\/p>\n","protected":false},"excerpt":{"rendered":"<p>Els alumnes de 2n d&#8217;ESO A aquest \u00faltim trimestre hem estat fent l&#8217;optativa d&#8217;hort. Hem apr\u00e8s coses noves sobre com treballar la terra, molta informaci\u00f3 sobre les diferents plantes que cultivem a l&#8217;hort, com es fa el compost, com regar correctament\u2026<\/p>\n<ul class=\"blocks-gallery-grid\">\n<li class=\"blocks-gallery-item\"><\/li>\n<li class=\"blocks-gallery-item\"><\/li>\n<\/ul>\n<p>Avui hem&hellip;  <a href=\"https:\/\/agora.xtec.cat\/iesnarcismonturiol\/general\/comiat-de-lhort\/\" title=\"Read Comiat de l&#8217;hort\">Llegeix m\u00e9s\u00bb<\/a><\/p>\n","protected":false},"author":5,"featured_media":9875,"comment_status":"closed","ping_status":"closed","sticky":false,"template":"","format":"standard","meta":{"_bbp_topic_count":0,"_bbp_reply_count":0,"_bbp_total_topic_count":0,"_bbp_total_reply_count":0,"_bbp_voice_count":0,"_bbp_anonymous_reply_count":0,"_bbp_topic_count_hidden":0,"_bbp_reply_count_hidden":0,"_bbp_forum_subforum_count":0,"footnotes":""},"categories":[122,125,127,1],"tags":[233],"class_list":["post-9873","post","type-post","status-publish","format-standard","has-post-thumbnail","hentry","category-ciencies-naturals","category-destacada","category-escoles-sostenibles","category-general","tag-hort"],"post_mailing_queue_ids":[],"_links":{"self":[{"href":"https:\/\/agora.xtec.cat\/iesnarcismonturiol\/wp-json\/wp\/v2\/posts\/9873","targetHints":{"allow":["GET"]}}],"collection":[{"href":"https:\/\/agora.xtec.cat\/iesnarcismonturiol\/wp-json\/wp\/v2\/posts"}],"about":[{"href":"https:\/\/agora.xtec.cat\/iesnarcismonturiol\/wp-json\/wp\/v2\/types\/post"}],"author":[{"embeddable":true,"href":"https:\/\/agora.xtec.cat\/iesnarcismonturiol\/wp-json\/wp\/v2\/users\/5"}],"replies":[{"embeddable":true,"href":"https:\/\/agora.xtec.cat\/iesnarcismonturiol\/wp-json\/wp\/v2\/comments?post=9873"}],"version-history":[{"count":0,"href":"https:\/\/agora.xtec.cat\/iesnarcismonturiol\/wp-json\/wp\/v2\/posts\/9873\/revisions"}],"wp:featuredmedia":[{"embeddable":true,"href":"https:\/\/agora.xtec.cat\/iesnarcismonturiol\/wp-json\/wp\/v2\/media\/9875"}],"wp:attachment":[{"href":"https:\/\/agora.xtec.cat\/iesnarcismonturiol\/wp-json\/wp\/v2\/media?parent=9873"}],"wp:term":[{"taxonomy":"category","embeddable":true,"href":"https:\/\/agora.xtec.cat\/iesnarcismonturiol\/wp-json\/wp\/v2\/categories?post=9873"},{"taxonomy":"post_tag","embeddable":true,"href":"https:\/\/agora.xtec.cat\/iesnarcismonturiol\/wp-json\/wp\/v2\/tags?post=9873"}],"curies":[{"name":"wp","href":"https:\/\/api.w.org\/{rel}","templated":true}]}}