{"id":9857,"date":"2021-06-06T15:54:54","date_gmt":"2021-06-06T13:54:54","guid":{"rendered":"https:\/\/insmonturiol.cat\/?p=9857"},"modified":"2021-06-06T15:54:54","modified_gmt":"2021-06-06T13:54:54","slug":"dates-de-la-recollida-de-llibres-de-reutilitzacio-juny-2021","status":"publish","type":"post","link":"https:\/\/agora.xtec.cat\/iesnarcismonturiol\/general\/dates-de-la-recollida-de-llibres-de-reutilitzacio-juny-2021\/","title":{"rendered":"Dates de la recollida de llibres de reutilitzaci\u00f3 Juny 2021."},"content":{"rendered":"\n<p>S&#8217;est\u00e0 acabant el curs 20-21, i aix\u00f2 significa que va sent hora de comen\u00e7ar a esborrar els llibres que teniu a les vostres mans per tal que puguin ser utilitzats per altres alumnes el curs vinent.<\/p>\n\n\n\n<p>Les dates de la recollida de llibres per la comissi\u00f3 de reutilitzaci\u00f3 s\u00f3n: <\/p>\n\n\n\n<ul class=\"wp-block-list\"><li><strong>1r d&#8217;ESO:&nbsp;dimecres 16 de juny<\/strong>&nbsp;de 10 a 13.30h (els alumnes per classes aniran passant per la biblioteca)<\/li><\/ul>\n\n\n\n<ul class=\"wp-block-list\"><li><strong>2n d&#8217;ESO:&nbsp;dijous 17 de juny<\/strong>&nbsp;de 10 a 13.30h&nbsp; (els alumnes per classes aniran passant per la biblioteca)<\/li><\/ul>\n\n\n\n<ul class=\"wp-block-list\"><li><strong>3r d&#8217;ESO:&nbsp;divendres 18 de juny<\/strong>&nbsp; de 10 a 13.30h&nbsp; (els alumnes per classes aniran passant per la biblioteca)<\/li><\/ul>\n\n\n\n<ul class=\"wp-block-list\"><li><strong>4t d&#8217;ESO A:\u00a0dimecres 23 de juny<\/strong>  de 10 a 11.30h.<\/li><li><strong>4t ESO B: dimecres 23 de juny<\/strong> d&#8217;11.30 a 13h.<\/li><li><strong>4t ESO C:<\/strong> <strong>dimecres 23 de juny<\/strong> de 13 a 14h.<\/li><\/ul>\n\n\n\n<ul class=\"wp-block-list\"><li><strong>1r i 2n de batxillerat:<\/strong> recollida de llibres ecoBooks per l&#8217;empresa Iddink<strong> 25 de juny de 10 a 12.30h a l&#8217;institut.<\/strong><\/li><li>Recollida de llibres de lectura d&#8217;ESO ecoBooks de l&#8217;empresa Iddink: <strong>25 de juny de 10 a 12.30h a l&#8217;institut. <\/strong><\/li><\/ul>\n\n\n\n<p><\/p>\n","protected":false},"excerpt":{"rendered":"<p>S&#8217;est\u00e0 acabant el curs 20-21, i aix\u00f2 significa que va sent hora de comen\u00e7ar a esborrar els llibres que teniu a les vostres mans per tal que puguin ser utilitzats per altres alumnes el curs vinent.<\/p>\n<p>Les dates de la recollida de llibres per la comissi\u00f3&hellip;  <a href=\"https:\/\/agora.xtec.cat\/iesnarcismonturiol\/general\/dates-de-la-recollida-de-llibres-de-reutilitzacio-juny-2021\/\" title=\"Read Dates de la recollida de llibres de reutilitzaci\u00f3 Juny 2021.\">Llegeix m\u00e9s\u00bb<\/a><\/p>\n","protected":false},"author":5,"featured_media":9858,"comment_status":"closed","ping_status":"closed","sticky":false,"template":"","format":"standard","meta":{"_bbp_topic_count":0,"_bbp_reply_count":0,"_bbp_total_topic_count":0,"_bbp_total_reply_count":0,"_bbp_voice_count":0,"_bbp_anonymous_reply_count":0,"_bbp_topic_count_hidden":0,"_bbp_reply_count_hidden":0,"_bbp_forum_subforum_count":0,"footnotes":""},"categories":[125,127,1],"tags":[247,296],"class_list":["post-9857","post","type-post","status-publish","format-standard","has-post-thumbnail","hentry","category-destacada","category-escoles-sostenibles","category-general","tag-llibres","tag-reutilitzacio"],"post_mailing_queue_ids":[],"_links":{"self":[{"href":"https:\/\/agora.xtec.cat\/iesnarcismonturiol\/wp-json\/wp\/v2\/posts\/9857","targetHints":{"allow":["GET"]}}],"collection":[{"href":"https:\/\/agora.xtec.cat\/iesnarcismonturiol\/wp-json\/wp\/v2\/posts"}],"about":[{"href":"https:\/\/agora.xtec.cat\/iesnarcismonturiol\/wp-json\/wp\/v2\/types\/post"}],"author":[{"embeddable":true,"href":"https:\/\/agora.xtec.cat\/iesnarcismonturiol\/wp-json\/wp\/v2\/users\/5"}],"replies":[{"embeddable":true,"href":"https:\/\/agora.xtec.cat\/iesnarcismonturiol\/wp-json\/wp\/v2\/comments?post=9857"}],"version-history":[{"count":0,"href":"https:\/\/agora.xtec.cat\/iesnarcismonturiol\/wp-json\/wp\/v2\/posts\/9857\/revisions"}],"wp:featuredmedia":[{"embeddable":true,"href":"https:\/\/agora.xtec.cat\/iesnarcismonturiol\/wp-json\/wp\/v2\/media\/9858"}],"wp:attachment":[{"href":"https:\/\/agora.xtec.cat\/iesnarcismonturiol\/wp-json\/wp\/v2\/media?parent=9857"}],"wp:term":[{"taxonomy":"category","embeddable":true,"href":"https:\/\/agora.xtec.cat\/iesnarcismonturiol\/wp-json\/wp\/v2\/categories?post=9857"},{"taxonomy":"post_tag","embeddable":true,"href":"https:\/\/agora.xtec.cat\/iesnarcismonturiol\/wp-json\/wp\/v2\/tags?post=9857"}],"curies":[{"name":"wp","href":"https:\/\/api.w.org\/{rel}","templated":true}]}}