{"id":9844,"date":"2021-05-29T22:36:09","date_gmt":"2021-05-29T20:36:09","guid":{"rendered":"https:\/\/insmonturiol.cat\/?p=9844"},"modified":"2021-05-29T22:36:09","modified_gmt":"2021-05-29T20:36:09","slug":"sortida-platja-1r-batxillerat","status":"publish","type":"post","link":"https:\/\/agora.xtec.cat\/iesnarcismonturiol\/general\/sortida-platja-1r-batxillerat\/","title":{"rendered":"Sortida platja 1r Batxillerat"},"content":{"rendered":"\n<p>El passat dijous dia 20 de maig les classes A i B de primer de batxillerat de l&#8217;institut vam realitzar la primera excursi\u00f3 del nostre curs, i quin millor dest\u00ed que la platja. <\/p>\n\n\n\n<p>L&#8217;activitat que vam realitzar tenia una finalitat esportiva, que combinada amb les nostres ganes de gaudir tots junts va acabar sent un dia de desconnexi\u00f3 per a nosaltres i els professors acompanyants. Vam arribar a la platja de la Nova Ic\u00e0ria tocant les nou i mitja del mat\u00ed, una vegada vam arribar, vam disposar-nos a muntar en equips les xarxes que utilitzar\u00edem despr\u00e9s per a jugar a v\u00f2lei, i una vegada va estar tot preparat, en petits equips vam comen\u00e7ar una s\u00e8rie de partits espor\u00e0dics de v\u00f2lei que ens van treure molts somriures i ens van ajudar a millorar la nostra t\u00e8cnica esportiva. A m\u00e9s, el millor va ser que el dia ens va acompanyar en tot moment, aix\u00ed que vam sortir-hi morens, i fins i tot mullats, ja que uns quants no vam dubtar en banyar-nos una mica per a combatre la calor. Sense dubte va ser una sortida que ens va ajudar a agafar forces per a la recta final i de la que tots vam gaudir for\u00e7a i agra\u00efm molt l&#8217;esfor\u00e7 que van fer els nostres professors per a poder aconseguir dur-la a terme.<\/p>\n\n\n\n<p>N\u00faria Guti\u00e9rrez Cardona, 1r Batxillerat B.&nbsp;&nbsp;<\/p>\n","protected":false},"excerpt":{"rendered":"<p>El passat dijous dia 20 de maig les classes A i B de primer de batxillerat de l&#8217;institut vam realitzar la primera excursi\u00f3 del nostre curs, i quin millor dest\u00ed que la platja. <\/p>\n<p>L&#8217;activitat que vam realitzar tenia una finalitat esportiva, que combinada amb les&hellip;  <a href=\"https:\/\/agora.xtec.cat\/iesnarcismonturiol\/general\/sortida-platja-1r-batxillerat\/\" title=\"Read Sortida platja 1r Batxillerat\">Llegeix m\u00e9s\u00bb<\/a><\/p>\n","protected":false},"author":5,"featured_media":9845,"comment_status":"closed","ping_status":"closed","sticky":false,"template":"","format":"standard","meta":{"_bbp_topic_count":0,"_bbp_reply_count":0,"_bbp_total_topic_count":0,"_bbp_total_reply_count":0,"_bbp_voice_count":0,"_bbp_anonymous_reply_count":0,"_bbp_topic_count_hidden":0,"_bbp_reply_count_hidden":0,"_bbp_forum_subforum_count":0,"footnotes":""},"categories":[125,126,1],"tags":[136,279],"class_list":["post-9844","post","type-post","status-publish","format-standard","has-post-thumbnail","hentry","category-destacada","category-educacio-fisica","category-general","tag-1r-batxillerat","tag-platja"],"post_mailing_queue_ids":[],"_links":{"self":[{"href":"https:\/\/agora.xtec.cat\/iesnarcismonturiol\/wp-json\/wp\/v2\/posts\/9844","targetHints":{"allow":["GET"]}}],"collection":[{"href":"https:\/\/agora.xtec.cat\/iesnarcismonturiol\/wp-json\/wp\/v2\/posts"}],"about":[{"href":"https:\/\/agora.xtec.cat\/iesnarcismonturiol\/wp-json\/wp\/v2\/types\/post"}],"author":[{"embeddable":true,"href":"https:\/\/agora.xtec.cat\/iesnarcismonturiol\/wp-json\/wp\/v2\/users\/5"}],"replies":[{"embeddable":true,"href":"https:\/\/agora.xtec.cat\/iesnarcismonturiol\/wp-json\/wp\/v2\/comments?post=9844"}],"version-history":[{"count":0,"href":"https:\/\/agora.xtec.cat\/iesnarcismonturiol\/wp-json\/wp\/v2\/posts\/9844\/revisions"}],"wp:featuredmedia":[{"embeddable":true,"href":"https:\/\/agora.xtec.cat\/iesnarcismonturiol\/wp-json\/wp\/v2\/media\/9845"}],"wp:attachment":[{"href":"https:\/\/agora.xtec.cat\/iesnarcismonturiol\/wp-json\/wp\/v2\/media?parent=9844"}],"wp:term":[{"taxonomy":"category","embeddable":true,"href":"https:\/\/agora.xtec.cat\/iesnarcismonturiol\/wp-json\/wp\/v2\/categories?post=9844"},{"taxonomy":"post_tag","embeddable":true,"href":"https:\/\/agora.xtec.cat\/iesnarcismonturiol\/wp-json\/wp\/v2\/tags?post=9844"}],"curies":[{"name":"wp","href":"https:\/\/api.w.org\/{rel}","templated":true}]}}