{"id":9841,"date":"2021-05-29T22:30:24","date_gmt":"2021-05-29T20:30:24","guid":{"rendered":"https:\/\/insmonturiol.cat\/?p=9841"},"modified":"2021-05-29T22:30:24","modified_gmt":"2021-05-29T20:30:24","slug":"salvem-les-abelles","status":"publish","type":"post","link":"https:\/\/agora.xtec.cat\/iesnarcismonturiol\/general\/salvem-les-abelles\/","title":{"rendered":"Salvem les abelles!"},"content":{"rendered":"\n<p>Sabies que el dia 20 de maig \u00e9s el Dia mundial de les abelles?<\/p>\n\n\n\n<p>S\u00ed, potser et resulta una mica sorprenent, per\u00f2 en realitat aquests petits insectes tan simp\u00e0tics tenen una import\u00e0ncia vital. I \u00e9s que m\u00e9s del 75% dels conreus a nivell mundial depenen de la pol\u00b7linitzaci\u00f3 que realitzen les abelles i altres pol\u00b7linitzadors, com papallones, ratpenats i colibr\u00eds. El problema \u00e9s que aquestes esp\u00e8cies estan cada cop m\u00e9s amena\u00e7ades per les activitats humanes.<\/p>\n\n\n\n<p>Els pol\u00b7linitzadors permeten reproduir moltes plantes, inclosos molts conreus alimentaris. Per\u00f2 no nom\u00e9s contribueixen directament a la seguretat aliment\u00e0ria, sin\u00f3 que s\u00f3n clau per a la conservaci\u00f3 de la biodiversitat i serveixen tamb\u00e9 de centinelles per a riscos ambientals emergents, que indiquen la salut dels ecosistemes locals.<\/p>\n\n\n\n<p>Els insectes invasors, els pesticides, els canvis en l&#8217;\u00fas del s\u00f2l, les pr\u00e0ctiques de monocultiu i el canvi clim\u00e0tic redueixen els nutrients disponibles i suposen amenaces per a les col\u00f2nies de les abelles. Cada cop e desapareixen m\u00e9s, aix\u00ed com papallones i d\u2019altres insectes, la pres\u00e8ncia dels quals \u00e9s fonamental per a la diversitat biol\u00f2gica, un fet que posa en perill el futur dels nostres aliments, els nostres medis de subsist\u00e8ncia tradicionals, la nostra salut i el medi ambient.<\/p>\n\n\n\n<p>Per donar a con\u00e8ixer la import\u00e0ncia dels pol\u00b7linitzadors, les amenaces a qu\u00e8 s&#8217;enfronten i la seva contribuci\u00f3 al desenvolupament sostenible, l&#8217;ONU va designar el 20 de maig com a Dia Mundial de l&#8217;abella. <strong>Per qu\u00e8 aquesta data? Perqu\u00e8 <\/strong>coincideix amb l&#8217;aniversari d&#8217;Anton Jan\u0161a, que al segle XVIII va ser pioner en les t\u00e8cniques modernes d&#8217;apicultura a la seva Eslov\u00e8nia natal i va elogiar a les abelles per la seva capacitat de treballar tan dur, tot i que necessitava tan poca atenci\u00f3.<\/p>\n\n\n\n<figure class=\"wp-block-embed is-type-video is-provider-youtube wp-block-embed-youtube wp-embed-aspect-16-9 wp-has-aspect-ratio\"><div class=\"wp-block-embed__wrapper\">\n<iframe loading=\"lazy\" title=\"Imagine a world without bees...\" width=\"500\" height=\"281\" src=\"https:\/\/www.youtube.com\/embed\/4NmIDq81aRE?start=5&#038;feature=oembed\" frameborder=\"0\" allow=\"accelerometer; autoplay; clipboard-write; encrypted-media; gyroscope; picture-in-picture; web-share\" referrerpolicy=\"strict-origin-when-cross-origin\" allowfullscreen><\/iframe>\n<\/div><\/figure>\n","protected":false},"excerpt":{"rendered":"<p>Sabies que el dia 20 de maig \u00e9s el Dia mundial de les abelles?<\/p>\n<p>S\u00ed, potser et resulta una mica sorprenent, per\u00f2 en realitat aquests petits insectes tan simp\u00e0tics tenen una import\u00e0ncia vital. I \u00e9s que m\u00e9s del 75% dels conreus a nivell mundial depenen de&hellip;  <a href=\"https:\/\/agora.xtec.cat\/iesnarcismonturiol\/general\/salvem-les-abelles\/\" title=\"Read Salvem les abelles!\">Llegeix m\u00e9s\u00bb<\/a><\/p>\n","protected":false},"author":5,"featured_media":9842,"comment_status":"closed","ping_status":"closed","sticky":false,"template":"","format":"standard","meta":{"_bbp_topic_count":0,"_bbp_reply_count":0,"_bbp_total_topic_count":0,"_bbp_total_reply_count":0,"_bbp_voice_count":0,"_bbp_anonymous_reply_count":0,"_bbp_topic_count_hidden":0,"_bbp_reply_count_hidden":0,"_bbp_forum_subforum_count":0,"footnotes":""},"categories":[125,127,1],"tags":[144,209],"class_list":["post-9841","post","type-post","status-publish","format-standard","has-post-thumbnail","hentry","category-destacada","category-escoles-sostenibles","category-general","tag-abelles","tag-escoles-mes-sostenibles"],"post_mailing_queue_ids":[],"_links":{"self":[{"href":"https:\/\/agora.xtec.cat\/iesnarcismonturiol\/wp-json\/wp\/v2\/posts\/9841","targetHints":{"allow":["GET"]}}],"collection":[{"href":"https:\/\/agora.xtec.cat\/iesnarcismonturiol\/wp-json\/wp\/v2\/posts"}],"about":[{"href":"https:\/\/agora.xtec.cat\/iesnarcismonturiol\/wp-json\/wp\/v2\/types\/post"}],"author":[{"embeddable":true,"href":"https:\/\/agora.xtec.cat\/iesnarcismonturiol\/wp-json\/wp\/v2\/users\/5"}],"replies":[{"embeddable":true,"href":"https:\/\/agora.xtec.cat\/iesnarcismonturiol\/wp-json\/wp\/v2\/comments?post=9841"}],"version-history":[{"count":0,"href":"https:\/\/agora.xtec.cat\/iesnarcismonturiol\/wp-json\/wp\/v2\/posts\/9841\/revisions"}],"wp:featuredmedia":[{"embeddable":true,"href":"https:\/\/agora.xtec.cat\/iesnarcismonturiol\/wp-json\/wp\/v2\/media\/9842"}],"wp:attachment":[{"href":"https:\/\/agora.xtec.cat\/iesnarcismonturiol\/wp-json\/wp\/v2\/media?parent=9841"}],"wp:term":[{"taxonomy":"category","embeddable":true,"href":"https:\/\/agora.xtec.cat\/iesnarcismonturiol\/wp-json\/wp\/v2\/categories?post=9841"},{"taxonomy":"post_tag","embeddable":true,"href":"https:\/\/agora.xtec.cat\/iesnarcismonturiol\/wp-json\/wp\/v2\/tags?post=9841"}],"curies":[{"name":"wp","href":"https:\/\/api.w.org\/{rel}","templated":true}]}}