{"id":9824,"date":"2021-05-23T22:26:33","date_gmt":"2021-05-23T20:26:33","guid":{"rendered":"https:\/\/insmonturiol.cat\/?p=9824"},"modified":"2021-05-23T22:26:33","modified_gmt":"2021-05-23T20:26:33","slug":"sortida-al-parc-del-forum-de-4t-deso","status":"publish","type":"post","link":"https:\/\/agora.xtec.cat\/iesnarcismonturiol\/general\/sortida-al-parc-del-forum-de-4t-deso\/","title":{"rendered":"Sortida al Parc del F\u00f2rum de 4t d&#8217;ESO"},"content":{"rendered":"\n<p>Els i les alumnes de l&#8217;optativa de f\u00edsica i qu\u00edmica de quart d&#8217;ESO han participat de les activitats cient\u00edfiques proposades pel grup STEAM de la UPC. <\/p>\n\n\n\n<p>Un laboratori a l&#8217;aire lliure els ha perm\u00e8s identificar, amb una fiabilitat elevada, de quin material estan fets certs objectes a trav\u00e9s de la seva capacitat calor\u00edfica i el concepte de calor. Tamb\u00e9 han pogut ser protagonistes de la pista de llan\u00e7ament de coets, el que els ha perm\u00e8s, mitjan\u00e7ant la llei d&#8217;acci\u00f3 i repulsi\u00f3, calcular les velocitats inicials dels projectils. Un pla a terra i la seva localitzaci\u00f3 en ell, els ha portat a entendre el concepte de funci\u00f3 per finalment veure les diferents representacions gr\u00e0fiques. Aix\u00f2 ha estat la base per ballar la coreografia de les funcions i experimentar-les en els seus propis cossos!<\/p>\n\n\n\n<p>Ana Macaya, professora de f\u00edsica i qu\u00edmica. <\/p>\n\n\n\n<figure class=\"wp-block-gallery columns-3 is-cropped wp-block-gallery-1 is-layout-flex wp-block-gallery-is-layout-flex\"><ul class=\"blocks-gallery-grid\"><li class=\"blocks-gallery-item\"><figure><img decoding=\"async\" src=\"https:\/\/insmonturiol.cat\/wp-content\/uploads\/2021\/05\/FiQ1-1024x576.jpg\" alt=\"\" data-id=\"9825\" data-full-url=\"https:\/\/agora.xtec.cat\/iesnarcismonturiol\/wp-content\/uploads\/usu2521\/2021\/05\/FiQ1-scaled-1.jpg\" data-link=\"https:\/\/insmonturiol.cat\/?attachment_id=9825\" class=\"wp-image-9825\"\/><\/figure><\/li><li class=\"blocks-gallery-item\"><figure><img decoding=\"async\" src=\"https:\/\/insmonturiol.cat\/wp-content\/uploads\/2021\/05\/FiQ2-1024x576.jpg\" alt=\"\" data-id=\"9826\" data-full-url=\"https:\/\/agora.xtec.cat\/iesnarcismonturiol\/wp-content\/uploads\/usu2521\/2021\/05\/FiQ2-scaled-1.jpg\" data-link=\"https:\/\/insmonturiol.cat\/?attachment_id=9826\" class=\"wp-image-9826\"\/><\/figure><\/li><li class=\"blocks-gallery-item\"><figure><img loading=\"lazy\" decoding=\"async\" width=\"1024\" height=\"768\" src=\"https:\/\/agora.xtec.cat\/iesnarcismonturiol\/wp-content\/uploads\/usu2521\/2021\/05\/FiQ3-1024x768.jpg\" alt=\"\" data-id=\"9827\" data-full-url=\"https:\/\/agora.xtec.cat\/iesnarcismonturiol\/wp-content\/uploads\/usu2521\/2021\/05\/FiQ3.jpg\" data-link=\"https:\/\/insmonturiol.cat\/?attachment_id=9827\" class=\"wp-image-9827\" srcset=\"https:\/\/agora.xtec.cat\/iesnarcismonturiol\/wp-content\/uploads\/usu2521\/2021\/05\/FiQ3-1024x768.jpg 1024w, https:\/\/agora.xtec.cat\/iesnarcismonturiol\/wp-content\/uploads\/usu2521\/2021\/05\/FiQ3-300x225.jpg 300w, https:\/\/agora.xtec.cat\/iesnarcismonturiol\/wp-content\/uploads\/usu2521\/2021\/05\/FiQ3-768x576.jpg 768w, https:\/\/agora.xtec.cat\/iesnarcismonturiol\/wp-content\/uploads\/usu2521\/2021\/05\/FiQ3-1536x1152.jpg 1536w, https:\/\/agora.xtec.cat\/iesnarcismonturiol\/wp-content\/uploads\/usu2521\/2021\/05\/FiQ3-200x150.jpg 200w, https:\/\/agora.xtec.cat\/iesnarcismonturiol\/wp-content\/uploads\/usu2521\/2021\/05\/FiQ3.jpg 1600w\" sizes=\"auto, (max-width: 1024px) 100vw, 1024px\" \/><\/figure><\/li><\/ul><\/figure>\n","protected":false},"excerpt":{"rendered":"<p>Els i les alumnes de l&#8217;optativa de f\u00edsica i qu\u00edmica de quart d&#8217;ESO han participat de les activitats cient\u00edfiques proposades pel grup STEAM de la UPC. <\/p>\n<p>Un laboratori a l&#8217;aire lliure els ha perm\u00e8s identificar, amb una fiabilitat elevada, de quin material estan fets certs&hellip;  <a href=\"https:\/\/agora.xtec.cat\/iesnarcismonturiol\/general\/sortida-al-parc-del-forum-de-4t-deso\/\" title=\"Read Sortida al Parc del F\u00f2rum de 4t d&#8217;ESO\">Llegeix m\u00e9s\u00bb<\/a><\/p>\n","protected":false},"author":5,"featured_media":9828,"comment_status":"closed","ping_status":"closed","sticky":false,"template":"","format":"standard","meta":{"_bbp_topic_count":0,"_bbp_reply_count":0,"_bbp_total_topic_count":0,"_bbp_total_reply_count":0,"_bbp_voice_count":0,"_bbp_anonymous_reply_count":0,"_bbp_topic_count_hidden":0,"_bbp_reply_count_hidden":0,"_bbp_forum_subforum_count":0,"footnotes":""},"categories":[122,125,1],"tags":[],"class_list":["post-9824","post","type-post","status-publish","format-standard","has-post-thumbnail","hentry","category-ciencies-naturals","category-destacada","category-general"],"post_mailing_queue_ids":[],"_links":{"self":[{"href":"https:\/\/agora.xtec.cat\/iesnarcismonturiol\/wp-json\/wp\/v2\/posts\/9824","targetHints":{"allow":["GET"]}}],"collection":[{"href":"https:\/\/agora.xtec.cat\/iesnarcismonturiol\/wp-json\/wp\/v2\/posts"}],"about":[{"href":"https:\/\/agora.xtec.cat\/iesnarcismonturiol\/wp-json\/wp\/v2\/types\/post"}],"author":[{"embeddable":true,"href":"https:\/\/agora.xtec.cat\/iesnarcismonturiol\/wp-json\/wp\/v2\/users\/5"}],"replies":[{"embeddable":true,"href":"https:\/\/agora.xtec.cat\/iesnarcismonturiol\/wp-json\/wp\/v2\/comments?post=9824"}],"version-history":[{"count":0,"href":"https:\/\/agora.xtec.cat\/iesnarcismonturiol\/wp-json\/wp\/v2\/posts\/9824\/revisions"}],"wp:featuredmedia":[{"embeddable":true,"href":"https:\/\/agora.xtec.cat\/iesnarcismonturiol\/wp-json\/wp\/v2\/media\/9828"}],"wp:attachment":[{"href":"https:\/\/agora.xtec.cat\/iesnarcismonturiol\/wp-json\/wp\/v2\/media?parent=9824"}],"wp:term":[{"taxonomy":"category","embeddable":true,"href":"https:\/\/agora.xtec.cat\/iesnarcismonturiol\/wp-json\/wp\/v2\/categories?post=9824"},{"taxonomy":"post_tag","embeddable":true,"href":"https:\/\/agora.xtec.cat\/iesnarcismonturiol\/wp-json\/wp\/v2\/tags?post=9824"}],"curies":[{"name":"wp","href":"https:\/\/api.w.org\/{rel}","templated":true}]}}