{"id":9723,"date":"2021-05-05T22:01:16","date_gmt":"2021-05-05T20:01:16","guid":{"rendered":"https:\/\/insmonturiol.cat\/?p=9723"},"modified":"2021-05-05T22:01:16","modified_gmt":"2021-05-05T20:01:16","slug":"sant-jordi-2021","status":"publish","type":"post","link":"https:\/\/agora.xtec.cat\/iesnarcismonturiol\/general\/sant-jordi-2021\/","title":{"rendered":"Sant Jordi 2021"},"content":{"rendered":"\n<p>Una nova edici\u00f3, reinventada i amb moltes ganes de celebrar-la, despr\u00e9s d&#8217;un any de pand\u00e8mia i amb un forat en blanc de la 39ena edici\u00f3, divendres 23 d&#8217;abril vam poder celebrar el 40\u00e8 concurs literari de Sant Jordi a l&#8217;Institut Narc\u00eds Monturiol.<\/p>\n\n\n\n<p>Enguany, el fil conductor del nostre Sant Jordi ha girat al voltant de l\u2019escriptor Pere Calders i <em>Cr\u00f2niques de la veritat oculta<\/em>, un recull de contes i una de les obres m\u00e9s conegudes de l\u2019autor. Els ingredients b\u00e0sics d\u2019aquests contes s\u00f3n l&#8217;humor i la fantasia.&nbsp; <\/p>\n\n\n\n<p>Tot aquest dia, va ser gr\u00e0cies a la feina d&#8217;un equip de persones que amb creativitat i que amb moltes ganes posen tot el seu empeny en fer que els nois i les noies, els nens i les nenes; gaudeixin d&#8217;aquesta festa de la llengua catalana, l&#8217;impuls de la lectura i la promoci\u00f3 de la cultura del nostre pa\u00eds.<\/p>\n\n\n\n<p>Bona diada a tothom i el nostre agra\u00efment a tots els qui ho fan possible <img decoding=\"async\" draggable=\"false\" class=\"eedee-emoji\" alt=\"\ud83c\udf39\" src=\"https:\/\/s.w.org\/images\/core\/emoji\/12.0.0-1\/svg\/1f339.svg\"><img decoding=\"async\" draggable=\"false\" class=\"eedee-emoji\" alt=\"\ud83d\udcda\" src=\"https:\/\/s.w.org\/images\/core\/emoji\/12.0.0-1\/svg\/1f4da.svg\"><\/p>\n\n\n\n<figure class=\"wp-block-image size-large\"><img loading=\"lazy\" decoding=\"async\" width=\"1024\" height=\"768\" src=\"https:\/\/agora.xtec.cat\/iesnarcismonturiol\/wp-content\/uploads\/usu2521\/2021\/04\/sant-jordi-placa-1024x768.jpg\" alt=\"\" class=\"wp-image-9741\" srcset=\"https:\/\/agora.xtec.cat\/iesnarcismonturiol\/wp-content\/uploads\/usu2521\/2021\/04\/sant-jordi-placa-1024x768.jpg 1024w, https:\/\/agora.xtec.cat\/iesnarcismonturiol\/wp-content\/uploads\/usu2521\/2021\/04\/sant-jordi-placa-300x225.jpg 300w, https:\/\/agora.xtec.cat\/iesnarcismonturiol\/wp-content\/uploads\/usu2521\/2021\/04\/sant-jordi-placa-768x576.jpg 768w, https:\/\/agora.xtec.cat\/iesnarcismonturiol\/wp-content\/uploads\/usu2521\/2021\/04\/sant-jordi-placa-1536x1152.jpg 1536w, https:\/\/agora.xtec.cat\/iesnarcismonturiol\/wp-content\/uploads\/usu2521\/2021\/04\/sant-jordi-placa-200x150.jpg 200w, https:\/\/agora.xtec.cat\/iesnarcismonturiol\/wp-content\/uploads\/usu2521\/2021\/04\/sant-jordi-placa.jpg 2000w\" sizes=\"auto, (max-width: 1024px) 100vw, 1024px\" \/><figcaption>Sant Jordi a la pla\u00e7a Moss\u00e8n Ferran, cedida pel Districte d&#8217;Horta &#8211; Guinard\u00f3.<\/figcaption><\/figure>\n\n\n\n<figure class=\"wp-block-video\"><video controls src=\"https:\/\/insmonturiol.cat\/content\/stjordi\/2021\/sant_jordi_2021.mp4\"><\/video><\/figure>\n","protected":false},"excerpt":{"rendered":"<p>Una nova edici\u00f3, reinventada i amb moltes ganes de celebrar-la, despr\u00e9s d&#8217;un any de pand\u00e8mia i amb un forat en blanc de la 39ena edici\u00f3, divendres 23 d&#8217;abril vam poder celebrar el 40\u00e8 concurs literari de Sant Jordi a l&#8217;Institut Narc\u00eds Monturiol.<\/p>\n<p>Enguany, el fil conductor&hellip;  <a href=\"https:\/\/agora.xtec.cat\/iesnarcismonturiol\/general\/sant-jordi-2021\/\" title=\"Read Sant Jordi 2021\">Llegeix m\u00e9s\u00bb<\/a><\/p>\n","protected":false},"author":5,"featured_media":9739,"comment_status":"closed","ping_status":"closed","sticky":false,"template":"","format":"standard","meta":{"_bbp_topic_count":0,"_bbp_reply_count":0,"_bbp_total_topic_count":0,"_bbp_total_reply_count":0,"_bbp_voice_count":0,"_bbp_anonymous_reply_count":0,"_bbp_topic_count_hidden":0,"_bbp_reply_count_hidden":0,"_bbp_forum_subforum_count":0,"footnotes":""},"categories":[125,1],"tags":[185,38],"class_list":["post-9723","post","type-post","status-publish","format-standard","has-post-thumbnail","hentry","category-destacada","category-general","tag-concurs-literari","tag-sant-jordi"],"post_mailing_queue_ids":[],"_links":{"self":[{"href":"https:\/\/agora.xtec.cat\/iesnarcismonturiol\/wp-json\/wp\/v2\/posts\/9723","targetHints":{"allow":["GET"]}}],"collection":[{"href":"https:\/\/agora.xtec.cat\/iesnarcismonturiol\/wp-json\/wp\/v2\/posts"}],"about":[{"href":"https:\/\/agora.xtec.cat\/iesnarcismonturiol\/wp-json\/wp\/v2\/types\/post"}],"author":[{"embeddable":true,"href":"https:\/\/agora.xtec.cat\/iesnarcismonturiol\/wp-json\/wp\/v2\/users\/5"}],"replies":[{"embeddable":true,"href":"https:\/\/agora.xtec.cat\/iesnarcismonturiol\/wp-json\/wp\/v2\/comments?post=9723"}],"version-history":[{"count":0,"href":"https:\/\/agora.xtec.cat\/iesnarcismonturiol\/wp-json\/wp\/v2\/posts\/9723\/revisions"}],"wp:featuredmedia":[{"embeddable":true,"href":"https:\/\/agora.xtec.cat\/iesnarcismonturiol\/wp-json\/wp\/v2\/media\/9739"}],"wp:attachment":[{"href":"https:\/\/agora.xtec.cat\/iesnarcismonturiol\/wp-json\/wp\/v2\/media?parent=9723"}],"wp:term":[{"taxonomy":"category","embeddable":true,"href":"https:\/\/agora.xtec.cat\/iesnarcismonturiol\/wp-json\/wp\/v2\/categories?post=9723"},{"taxonomy":"post_tag","embeddable":true,"href":"https:\/\/agora.xtec.cat\/iesnarcismonturiol\/wp-json\/wp\/v2\/tags?post=9723"}],"curies":[{"name":"wp","href":"https:\/\/api.w.org\/{rel}","templated":true}]}}