{"id":9716,"date":"2021-04-16T14:56:39","date_gmt":"2021-04-16T12:56:39","guid":{"rendered":"https:\/\/insmonturiol.cat\/?p=9716"},"modified":"2021-04-16T14:56:39","modified_gmt":"2021-04-16T12:56:39","slug":"xerrada-pla-jove","status":"publish","type":"post","link":"https:\/\/agora.xtec.cat\/iesnarcismonturiol\/general\/xerrada-pla-jove\/","title":{"rendered":"Xerrada Pla Jove"},"content":{"rendered":"\n<p>El passat dijous 15 d&#8217;abril el nostre alumnat\u00a0de 4t que\u00a0t\u00e9 la intenci\u00f3 de fer un CFGM o un PFI va participar d&#8217;una xerrada informativa i de vinculaci\u00f3 al servei del Pla Jove del Consorci de Barcelona per part de la nostra t\u00e8cnica de refer\u00e8ncia la Marta Boada. D&#8217;aquesta forma garantim una bona tria i que des del Pla Jove els hi puguin fer un seguiment en tot el proc\u00e9s de preinscripci\u00f3\u00a0i matr\u00edcula.<\/p>\n\n\n\n<p>Sim\u00f3n Aparicio, Orientador de l&#8217;institut.  <\/p>\n","protected":false},"excerpt":{"rendered":"<p>El passat dijous 15 d&#8217;abril el nostre alumnat\u00a0de 4t que\u00a0t\u00e9 la intenci\u00f3 de fer un CFGM o un PFI va participar d&#8217;una xerrada informativa i de vinculaci\u00f3 al servei del Pla Jove del Consorci de Barcelona per part de la nostra t\u00e8cnica de refer\u00e8ncia la&hellip;  <a href=\"https:\/\/agora.xtec.cat\/iesnarcismonturiol\/general\/xerrada-pla-jove\/\" title=\"Read Xerrada Pla Jove\">Llegeix m\u00e9s\u00bb<\/a><\/p>\n","protected":false},"author":5,"featured_media":9717,"comment_status":"closed","ping_status":"closed","sticky":false,"template":"","format":"standard","meta":{"_bbp_topic_count":0,"_bbp_reply_count":0,"_bbp_total_topic_count":0,"_bbp_total_reply_count":0,"_bbp_voice_count":0,"_bbp_anonymous_reply_count":0,"_bbp_topic_count_hidden":0,"_bbp_reply_count_hidden":0,"_bbp_forum_subforum_count":0,"footnotes":""},"categories":[125,1,134],"tags":[174,273,278],"class_list":["post-9716","post","type-post","status-publish","format-standard","has-post-thumbnail","hentry","category-destacada","category-general","category-orientacio","tag-cfgm","tag-orientacio","tag-pfi"],"post_mailing_queue_ids":[],"_links":{"self":[{"href":"https:\/\/agora.xtec.cat\/iesnarcismonturiol\/wp-json\/wp\/v2\/posts\/9716","targetHints":{"allow":["GET"]}}],"collection":[{"href":"https:\/\/agora.xtec.cat\/iesnarcismonturiol\/wp-json\/wp\/v2\/posts"}],"about":[{"href":"https:\/\/agora.xtec.cat\/iesnarcismonturiol\/wp-json\/wp\/v2\/types\/post"}],"author":[{"embeddable":true,"href":"https:\/\/agora.xtec.cat\/iesnarcismonturiol\/wp-json\/wp\/v2\/users\/5"}],"replies":[{"embeddable":true,"href":"https:\/\/agora.xtec.cat\/iesnarcismonturiol\/wp-json\/wp\/v2\/comments?post=9716"}],"version-history":[{"count":0,"href":"https:\/\/agora.xtec.cat\/iesnarcismonturiol\/wp-json\/wp\/v2\/posts\/9716\/revisions"}],"wp:featuredmedia":[{"embeddable":true,"href":"https:\/\/agora.xtec.cat\/iesnarcismonturiol\/wp-json\/wp\/v2\/media\/9717"}],"wp:attachment":[{"href":"https:\/\/agora.xtec.cat\/iesnarcismonturiol\/wp-json\/wp\/v2\/media?parent=9716"}],"wp:term":[{"taxonomy":"category","embeddable":true,"href":"https:\/\/agora.xtec.cat\/iesnarcismonturiol\/wp-json\/wp\/v2\/categories?post=9716"},{"taxonomy":"post_tag","embeddable":true,"href":"https:\/\/agora.xtec.cat\/iesnarcismonturiol\/wp-json\/wp\/v2\/tags?post=9716"}],"curies":[{"name":"wp","href":"https:\/\/api.w.org\/{rel}","templated":true}]}}