{"id":9707,"date":"2021-04-16T10:30:33","date_gmt":"2021-04-16T08:30:33","guid":{"rendered":"https:\/\/insmonturiol.cat\/?p=9707"},"modified":"2021-04-16T10:30:33","modified_gmt":"2021-04-16T08:30:33","slug":"la-millor-vacuna-la-biodiversitat","status":"publish","type":"post","link":"https:\/\/agora.xtec.cat\/iesnarcismonturiol\/general\/la-millor-vacuna-la-biodiversitat\/","title":{"rendered":"La millor vacuna, la biodiversitat!"},"content":{"rendered":"\n<p>El SARS-CoV-2 \u00e9s el virus causant de la COVID-19, una malaltia infecciosa d\u2019origen animal transmissible a l\u2019\u00e9sser hum\u00e0, com l\u2019Ebola o el virus del Zika.<\/p>\n\n\n\n<p>Un ecosistema sa mant\u00e9 controlada l\u2019aparici\u00f3 de plagues, pat\u00f2gens, depredadors i par\u00e0sits que suposen un perill per a la nostra salut. La conservaci\u00f3 de la biodiversitat pot convertir-se en la millor protecci\u00f3 que podem tenir enfront l\u2019aparici\u00f3 de noves malalties que derivin en futures pand\u00e8mies. Est\u00e0 comprovat que a les comunitats pobres en nombre d\u2019esp\u00e8cies, les esp\u00e8cies reservori de pat\u00f2gens tendeixen a estar presents.<\/p>\n\n\n\n<p>Existeixen evid\u00e8ncies cient\u00edfiques que demostren que la p\u00e8rdua de biodiversitat augmenta el risc d\u2019aparici\u00f3 de malalties infeccioses. Aix\u00f2 pot ser degut a l\u2019anomenat efecte diluci\u00f3: el patogen es \u201cdilueix\u201d entre les diferents esp\u00e8cies amb qu\u00e8 entra en contacte. En contagiar un hoste inadequat, en el qual el patogen no prospera, es redueixen les probabilitats de propagaci\u00f3. A m\u00e9s, el patogen s\u2019enforteix quan es transmet entre membres d\u2019una mateixa esp\u00e8cie, i en ecosistemes amb menor diversitat d\u2019esp\u00e8cies pot haver m\u00e9s espai per a un increment en la poblaci\u00f3 de l\u2019esp\u00e8cie reservori. Tamb\u00e9 hi ha teories que defensen que hostes amb una alta diversitat gen\u00e8tica s\u00f3n un tallafoc natural davant el contagi, conegut com a efecte esmorte\u00efdor.<\/p>\n\n\n\n<p>La cada cop major incursi\u00f3 de l\u2019\u00e9sser hum\u00e0 en h\u00e0bitats naturals propicia un contacte extrem entre animals i humans, augmentant les possibilitats de contagi. El 75% de la superf\u00edcie terrestre ha estat significativament&nbsp;<a href=\"https:\/\/www.ipcc.ch\/site\/assets\/uploads\/2019\/11\/SRCCL-Full-Report-Compiled-191128.pdf\">alterada<\/a>&nbsp;per l\u2019\u00e9sser hum\u00e0, principalment degut a la desforestaci\u00f3, l\u2019agricultura, la ramaderia i el creixement de s\u00f2l urb\u00e0 i infraestructures, tot reduint cada cop m\u00e9s l\u2019extensi\u00f3 de terres salvatges intactes. M\u00e9s de 100 milions d\u2019hect\u00e0rees d\u2019expansi\u00f3 agr\u00edcola en els tr\u00f2pics entre 1980 i 2000 han provocat la desaparici\u00f3 de selva verge, principalment degut a la ramaderia a Llatinoam\u00e8rica i a plantacions al sud-est asi\u00e0tic.<\/p>\n\n\n\n<p>Exemples de com la desforestaci\u00f3 est\u00e0 darrere de l\u2019expansi\u00f3 de malalties infeccioses s\u00f3n la malaltia de Nipah (Mal\u00e0isia), l\u2019expansi\u00f3 del virus del Nil Occidental (EEUU), l\u2019augment de poblacions de mosquits&nbsp;<em>Anopheles,<\/em>&nbsp;vector transmissor de la mal\u00e0ria (Amaz\u00f2nia) o l\u2019esquistosomiasi (Malawi). S\u00f3n nombrosos els casos cient\u00edficament documentats que relacionen la destrucci\u00f3 de la biodiversitat amb amenaces per a la salut global d\u2019aquesta \u00edndole.<\/p>\n\n\n\n<p>Davant d\u2019aix\u00f2, necessitem un sistema econ\u00f2mic que, en lloc de generar problemes globals, els minimitzi i estigui preparat per a resistir-los. Apostem, doncs, per una <a href=\"https:\/\/www.ecologistasenaccion.org\/139068\/plan-de-cuidados-covid-19\/\">economia ecol\u00f2gica i solid\u00e0ria<\/a>. Nom\u00e9s d\u2019aquesta manera podem preservar la biodiversitat de la que depenem!<\/p>\n\n\n\n<p><em>Text extret del web d\u2019Ecologistes en Acci\u00f3<\/em><\/p>\n","protected":false},"excerpt":{"rendered":"<p>El SARS-CoV-2 \u00e9s el virus causant de la COVID-19, una malaltia infecciosa d\u2019origen animal transmissible a l\u2019\u00e9sser hum\u00e0, com l\u2019Ebola o el virus del Zika.<\/p>\n<p>Un ecosistema sa mant\u00e9 controlada l\u2019aparici\u00f3 de plagues, pat\u00f2gens, depredadors i par\u00e0sits que suposen un perill per a la nostra salut.&hellip;  <a href=\"https:\/\/agora.xtec.cat\/iesnarcismonturiol\/general\/la-millor-vacuna-la-biodiversitat\/\" title=\"Read La millor vacuna, la biodiversitat!\">Llegeix m\u00e9s\u00bb<\/a><\/p>\n","protected":false},"author":5,"featured_media":9709,"comment_status":"closed","ping_status":"closed","sticky":false,"template":"","format":"standard","meta":{"_bbp_topic_count":0,"_bbp_reply_count":0,"_bbp_total_topic_count":0,"_bbp_total_reply_count":0,"_bbp_voice_count":0,"_bbp_anonymous_reply_count":0,"_bbp_topic_count_hidden":0,"_bbp_reply_count_hidden":0,"_bbp_forum_subforum_count":0,"footnotes":""},"categories":[125,127,1],"tags":[],"class_list":["post-9707","post","type-post","status-publish","format-standard","has-post-thumbnail","hentry","category-destacada","category-escoles-sostenibles","category-general"],"post_mailing_queue_ids":[],"_links":{"self":[{"href":"https:\/\/agora.xtec.cat\/iesnarcismonturiol\/wp-json\/wp\/v2\/posts\/9707","targetHints":{"allow":["GET"]}}],"collection":[{"href":"https:\/\/agora.xtec.cat\/iesnarcismonturiol\/wp-json\/wp\/v2\/posts"}],"about":[{"href":"https:\/\/agora.xtec.cat\/iesnarcismonturiol\/wp-json\/wp\/v2\/types\/post"}],"author":[{"embeddable":true,"href":"https:\/\/agora.xtec.cat\/iesnarcismonturiol\/wp-json\/wp\/v2\/users\/5"}],"replies":[{"embeddable":true,"href":"https:\/\/agora.xtec.cat\/iesnarcismonturiol\/wp-json\/wp\/v2\/comments?post=9707"}],"version-history":[{"count":0,"href":"https:\/\/agora.xtec.cat\/iesnarcismonturiol\/wp-json\/wp\/v2\/posts\/9707\/revisions"}],"wp:featuredmedia":[{"embeddable":true,"href":"https:\/\/agora.xtec.cat\/iesnarcismonturiol\/wp-json\/wp\/v2\/media\/9709"}],"wp:attachment":[{"href":"https:\/\/agora.xtec.cat\/iesnarcismonturiol\/wp-json\/wp\/v2\/media?parent=9707"}],"wp:term":[{"taxonomy":"category","embeddable":true,"href":"https:\/\/agora.xtec.cat\/iesnarcismonturiol\/wp-json\/wp\/v2\/categories?post=9707"},{"taxonomy":"post_tag","embeddable":true,"href":"https:\/\/agora.xtec.cat\/iesnarcismonturiol\/wp-json\/wp\/v2\/tags?post=9707"}],"curies":[{"name":"wp","href":"https:\/\/api.w.org\/{rel}","templated":true}]}}