{"id":9701,"date":"2021-07-06T09:30:29","date_gmt":"2021-07-06T07:30:29","guid":{"rendered":"https:\/\/insmonturiol.cat\/?p=9701"},"modified":"2021-07-06T09:30:29","modified_gmt":"2021-07-06T07:30:29","slug":"portes-obertes-batxillerat-2021","status":"publish","type":"post","link":"https:\/\/agora.xtec.cat\/iesnarcismonturiol\/general\/portes-obertes-batxillerat-2021\/","title":{"rendered":"Preinscripci\u00f3 i matr\u00edcula Batxillerat curs 2021-22"},"content":{"rendered":"\n<p id=\"m_1991472528496623363gmail-m_-4358445680791502859gmail-block-884be2cb-a859-4759-b858-25fb411ec9fd\"><strong>CALENDARI<\/strong><\/p>\n\n\n\n<p><a rel=\"noreferrer noopener\" href=\"https:\/\/agora.xtec.cat\/iesnarcismonturiol\/wp-content\/uploads\/usu2521\/2021\/07\/INFORME_ASSIGNADES_INFORME_ASSIGNADES.pdf\" target=\"_blank\">Alumnes assignats al centre amb indicaci\u00f3 de la primera petici\u00f3 a 09\/07\/2021<\/a> <\/p>\n\n\n\n<p style=\"font-size:20px\">(Al llarg del dia d&#8217;avui rebreu un correu amb els documents que heu de presentar omplerts per fer la matr\u00edcula i entregar-los el dia que vingueu a portar-los. Recordeu que heu de demanar cita pr\u00e8via, si no ho heu fet encara, a: <a rel=\"noreferrer noopener\" href=\"https:\/\/insmonturiol.cat\/secretaria\/\" target=\"_blank\">https:\/\/insmonturiol.cat\/secretaria\/<\/a>)<\/p>\n\n\n\n<p><a href=\"https:\/\/agora.xtec.cat\/iesnarcismonturiol\/wp-content\/uploads\/usu2521\/2021\/05\/INFORME_OFERTA_OME_INFORME_OFERTA-6.pdf\">Oferta inicial de places de Batxillerat curs 2021-22<\/a><\/p>\n\n\n\n<p><a href=\"https:\/\/agora.xtec.cat\/iesnarcismonturiol\/wp-content\/uploads\/usu2521\/2021\/06\/INFORME_BAREM_PROVISIONAL_BAREM-BATXILLERAT.pdf\" target=\"_blank\" rel=\"noreferrer noopener\">Publicaci\u00f3 de la llista de sol\u00b7licituds que han demanat el centre i l&#8217;ensenyament en primera<br>petici\u00f3 amb el barem provisional a 08\/06\/2021<\/a>.<\/p>\n\n\n\n<p><a rel=\"noreferrer noopener\" href=\"https:\/\/agora.xtec.cat\/iesnarcismonturiol\/wp-content\/uploads\/usu2521\/2021\/06\/INFORME_BAREM_RESOLTES_BAREM.pdf\" target=\"_blank\">Publicaci\u00f3 de la llista de sol\u00b7licituds que han demanat el centre i l&#8217;ensenyament en primera<br>petici\u00f3 amb el barem resoltes les reclamacions a 18\/06\/2021.<\/a><\/p>\n\n\n\n<p><a href=\"https:\/\/agora.xtec.cat\/iesnarcismonturiol\/wp-content\/uploads\/usu2521\/2021\/06\/INFORME_BAREM_DEFINITIU_BAREM-batx.pdf\" target=\"_blank\" rel=\"noreferrer noopener\">Publicaci\u00f3 de la llista de sol\u00b7licituds que han demanat el centre i l&#8217;ensenyament en primera<br>petici\u00f3 ordenada a 23\/06\/2021<\/a><\/p>\n\n\n\n<p class=\"has-luminous-vivid-orange-color has-text-color\" style=\"font-size:19px\"><strong>El 4590 \u00e9s el n\u00famero de desempat per a la preinscripci\u00f3 a Batxillerat<\/strong><\/p>\n\n\n\n<p>Preinscripci\u00f3 Batxillerat: De l&#8217;11 al 17 de maig de 2021. <\/p>\n\n\n\n<p>18 de maig de 2021: presentaci\u00f3 de documentaci\u00f3.<\/p>\n\n\n\n<p>8 de juny de 2021: llista de sol\u00b7licituds amb la puntuaci\u00f3 provisional.<\/p>\n\n\n\n<p>Del 9 al 15 de juny de 2021: presentaci\u00f3 de reclamacions.<\/p>\n\n\n\n<p>18 de juny de 2021: llista de sol\u00b7licituds amb la puntuaci\u00f3 un cop resoltes les reclamacions.<\/p>\n\n\n\n<p>18 de juny de 2021: sorteig per resoldre les sol\u00b7licituds de preinscripci\u00f3 empatades en punts.<\/p>\n\n\n\n<p>23 de juny de 2021: llista ordenada.<\/p>\n\n\n\n<p>7 de juliol de 2021: oferta final de places escolars.<\/p>\n\n\n\n<p>9 de juliol de 2021: llista d&#8217;alumnes admesos i llista d&#8217;espera.<\/p>\n\n\n\n<p>Per a m\u00e9s informaci\u00f3 podeu consultar: <a href=\"https:\/\/www.edubcn.cat\/ca\/alumnat_i_familia\/informacio_general_matriculacio\/postobligatoris\" target=\"_blank\" rel=\"noreferrer noopener\">https:\/\/preinscripcio.gencat.cat\/ca\/estudis\/batxillerat\/inici\/<\/a><\/p>\n\n\n\n<p>Fins aviat!<\/p>\n","protected":false},"excerpt":{"rendered":"<p>CALENDARI<\/p>\n<p><a rel=\"noreferrer noopener\" href=\"https:\/\/agora.xtec.cat\/iesnarcismonturiol\/wp-content\/uploads\/usu2521\/2021\/07\/INFORME_ASSIGNADES_INFORME_ASSIGNADES.pdf\" target=\"_blank\">Alumnes assignats al centre amb indicaci\u00f3 de la primera petici\u00f3 a 09\/07\/2021<\/a> <\/p>\n<p>(Al llarg del dia d&#8217;avui rebreu un correu amb els documents que heu de presentar omplerts per fer la matr\u00edcula i entregar-los el dia que vingueu a portar-los. Recordeu&hellip;  <a href=\"https:\/\/agora.xtec.cat\/iesnarcismonturiol\/general\/portes-obertes-batxillerat-2021\/\" title=\"Read Preinscripci\u00f3 i matr\u00edcula Batxillerat curs 2021-22\">Llegeix m\u00e9s\u00bb<\/a><\/p>\n","protected":false},"author":5,"featured_media":9702,"comment_status":"closed","ping_status":"closed","sticky":true,"template":"","format":"standard","meta":{"_bbp_topic_count":0,"_bbp_reply_count":0,"_bbp_total_topic_count":0,"_bbp_total_reply_count":0,"_bbp_voice_count":0,"_bbp_anonymous_reply_count":0,"_bbp_topic_count_hidden":0,"_bbp_reply_count_hidden":0,"_bbp_forum_subforum_count":0,"footnotes":""},"categories":[125,1],"tags":[282],"class_list":["post-9701","post","type-post","status-publish","format-standard","has-post-thumbnail","hentry","category-destacada","category-general","tag-portes-obertes-batxillerat"],"post_mailing_queue_ids":[],"_links":{"self":[{"href":"https:\/\/agora.xtec.cat\/iesnarcismonturiol\/wp-json\/wp\/v2\/posts\/9701","targetHints":{"allow":["GET"]}}],"collection":[{"href":"https:\/\/agora.xtec.cat\/iesnarcismonturiol\/wp-json\/wp\/v2\/posts"}],"about":[{"href":"https:\/\/agora.xtec.cat\/iesnarcismonturiol\/wp-json\/wp\/v2\/types\/post"}],"author":[{"embeddable":true,"href":"https:\/\/agora.xtec.cat\/iesnarcismonturiol\/wp-json\/wp\/v2\/users\/5"}],"replies":[{"embeddable":true,"href":"https:\/\/agora.xtec.cat\/iesnarcismonturiol\/wp-json\/wp\/v2\/comments?post=9701"}],"version-history":[{"count":0,"href":"https:\/\/agora.xtec.cat\/iesnarcismonturiol\/wp-json\/wp\/v2\/posts\/9701\/revisions"}],"wp:featuredmedia":[{"embeddable":true,"href":"https:\/\/agora.xtec.cat\/iesnarcismonturiol\/wp-json\/wp\/v2\/media\/9702"}],"wp:attachment":[{"href":"https:\/\/agora.xtec.cat\/iesnarcismonturiol\/wp-json\/wp\/v2\/media?parent=9701"}],"wp:term":[{"taxonomy":"category","embeddable":true,"href":"https:\/\/agora.xtec.cat\/iesnarcismonturiol\/wp-json\/wp\/v2\/categories?post=9701"},{"taxonomy":"post_tag","embeddable":true,"href":"https:\/\/agora.xtec.cat\/iesnarcismonturiol\/wp-json\/wp\/v2\/tags?post=9701"}],"curies":[{"name":"wp","href":"https:\/\/api.w.org\/{rel}","templated":true}]}}