{"id":9693,"date":"2021-04-10T17:32:47","date_gmt":"2021-04-10T15:32:47","guid":{"rendered":"https:\/\/insmonturiol.cat\/?p=9693"},"modified":"2021-04-10T17:32:47","modified_gmt":"2021-04-10T15:32:47","slug":"els-de-1r-deso-hem-pogut-anar-a-esquiar","status":"publish","type":"post","link":"https:\/\/agora.xtec.cat\/iesnarcismonturiol\/general\/els-de-1r-deso-hem-pogut-anar-a-esquiar\/","title":{"rendered":"Els de 1r d&#8217;ESO hem pogut anar a esquiar!!!"},"content":{"rendered":"\n<p>Divendres 12 de mar\u00e7, l\u2019alumnat de 1 d\u2019ESO vam poder gaudir d\u2019una jornada d\u2019esqu\u00ed. Vam haver de llevar-nos molt d\u2019hora, per\u00f2 va valer la pena. A l\u2019autocar vam cantar, dormir i escoltar m\u00fasica. Quan vam arribar a l\u2019estaci\u00f3 d\u2019esqu\u00ed de la Molina vam esmorzar i ens vam equipar amb les botes, el casc, les ulleres\u2026 <\/p>\n\n\n\n<p>Per molts de nosaltres era la primera vegada que ens pos\u00e0vem uns esqu\u00eds per\u00f2 tot va sortir b\u00e9. Va haver-hi alguna que altra caiguda,\u00a0 per\u00f2 ens ho vam passar genial i tenim moltes ganes de tornar-ho a repetir.<\/p>\n\n\n\n<p>Jordi Albiol professor d&#8217;Educaci\u00f3 F\u00edsica.<\/p>\n\n\n\n<figure class=\"wp-block-image size-large\"><img loading=\"lazy\" decoding=\"async\" width=\"1024\" height=\"768\" src=\"https:\/\/agora.xtec.cat\/iesnarcismonturiol\/wp-content\/uploads\/usu2521\/2021\/04\/1r-ESO_5-1024x768.jpg\" alt=\"\" class=\"wp-image-9694\" srcset=\"https:\/\/agora.xtec.cat\/iesnarcismonturiol\/wp-content\/uploads\/usu2521\/2021\/04\/1r-ESO_5-1024x768.jpg 1024w, https:\/\/agora.xtec.cat\/iesnarcismonturiol\/wp-content\/uploads\/usu2521\/2021\/04\/1r-ESO_5-300x225.jpg 300w, https:\/\/agora.xtec.cat\/iesnarcismonturiol\/wp-content\/uploads\/usu2521\/2021\/04\/1r-ESO_5-768x576.jpg 768w, https:\/\/agora.xtec.cat\/iesnarcismonturiol\/wp-content\/uploads\/usu2521\/2021\/04\/1r-ESO_5-1536x1152.jpg 1536w, https:\/\/agora.xtec.cat\/iesnarcismonturiol\/wp-content\/uploads\/usu2521\/2021\/04\/1r-ESO_5-200x150.jpg 200w, https:\/\/agora.xtec.cat\/iesnarcismonturiol\/wp-content\/uploads\/usu2521\/2021\/04\/1r-ESO_5.jpg 2000w\" sizes=\"auto, (max-width: 1024px) 100vw, 1024px\" \/><\/figure>\n","protected":false},"excerpt":{"rendered":"<p>Divendres 12 de mar\u00e7, l\u2019alumnat de 1 d\u2019ESO vam poder gaudir d\u2019una jornada d\u2019esqu\u00ed. Vam haver de llevar-nos molt d\u2019hora, per\u00f2 va valer la pena. A l\u2019autocar vam cantar, dormir i escoltar m\u00fasica. Quan vam arribar a l\u2019estaci\u00f3 d\u2019esqu\u00ed de la Molina vam esmorzar i&hellip;  <a href=\"https:\/\/agora.xtec.cat\/iesnarcismonturiol\/general\/els-de-1r-deso-hem-pogut-anar-a-esquiar\/\" title=\"Read Els de 1r d&#8217;ESO hem pogut anar a esquiar!!!\">Llegeix m\u00e9s\u00bb<\/a><\/p>\n","protected":false},"author":5,"featured_media":9695,"comment_status":"closed","ping_status":"closed","sticky":false,"template":"","format":"standard","meta":{"_bbp_topic_count":0,"_bbp_reply_count":0,"_bbp_total_topic_count":0,"_bbp_total_reply_count":0,"_bbp_voice_count":0,"_bbp_anonymous_reply_count":0,"_bbp_topic_count_hidden":0,"_bbp_reply_count_hidden":0,"_bbp_forum_subforum_count":0,"footnotes":""},"categories":[125,126,1],"tags":[137,216],"class_list":["post-9693","post","type-post","status-publish","format-standard","has-post-thumbnail","hentry","category-destacada","category-educacio-fisica","category-general","tag-1r-eso","tag-esquiada"],"post_mailing_queue_ids":[],"_links":{"self":[{"href":"https:\/\/agora.xtec.cat\/iesnarcismonturiol\/wp-json\/wp\/v2\/posts\/9693","targetHints":{"allow":["GET"]}}],"collection":[{"href":"https:\/\/agora.xtec.cat\/iesnarcismonturiol\/wp-json\/wp\/v2\/posts"}],"about":[{"href":"https:\/\/agora.xtec.cat\/iesnarcismonturiol\/wp-json\/wp\/v2\/types\/post"}],"author":[{"embeddable":true,"href":"https:\/\/agora.xtec.cat\/iesnarcismonturiol\/wp-json\/wp\/v2\/users\/5"}],"replies":[{"embeddable":true,"href":"https:\/\/agora.xtec.cat\/iesnarcismonturiol\/wp-json\/wp\/v2\/comments?post=9693"}],"version-history":[{"count":0,"href":"https:\/\/agora.xtec.cat\/iesnarcismonturiol\/wp-json\/wp\/v2\/posts\/9693\/revisions"}],"wp:featuredmedia":[{"embeddable":true,"href":"https:\/\/agora.xtec.cat\/iesnarcismonturiol\/wp-json\/wp\/v2\/media\/9695"}],"wp:attachment":[{"href":"https:\/\/agora.xtec.cat\/iesnarcismonturiol\/wp-json\/wp\/v2\/media?parent=9693"}],"wp:term":[{"taxonomy":"category","embeddable":true,"href":"https:\/\/agora.xtec.cat\/iesnarcismonturiol\/wp-json\/wp\/v2\/categories?post=9693"},{"taxonomy":"post_tag","embeddable":true,"href":"https:\/\/agora.xtec.cat\/iesnarcismonturiol\/wp-json\/wp\/v2\/tags?post=9693"}],"curies":[{"name":"wp","href":"https:\/\/api.w.org\/{rel}","templated":true}]}}