{"id":9669,"date":"2021-03-23T23:36:41","date_gmt":"2021-03-23T21:36:41","guid":{"rendered":"https:\/\/insmonturiol.cat\/?p=9669"},"modified":"2021-03-23T23:36:41","modified_gmt":"2021-03-23T21:36:41","slug":"gamelan-1reso","status":"publish","type":"post","link":"https:\/\/agora.xtec.cat\/iesnarcismonturiol\/general\/gamelan-1reso\/","title":{"rendered":"Gamelan 1r d&#8217;ESO"},"content":{"rendered":"\n<p>Els alumnes de 1r d&#8217;ESO han creat i adaptat una orquestra de Gamelan amb els instruments que tenim a l&#8217;institut i alguns que han portat. Aquest tipus de m\u00fasica \u00e9s d&#8217;origen balin\u00e8s i \u00e9s comunit\u00e0ria, complexa i popular. Tothom \u00e9s imprescindible perqu\u00e8 la m\u00fasica pugui sonar. Us deixem un petit v\u00eddeo explicatiu on podeu veure com ho hem treballat i els resultats:.<\/p>\n\n\n\n<figure class=\"wp-block-embed is-type-video is-provider-youtube wp-block-embed-youtube wp-embed-aspect-16-9 wp-has-aspect-ratio\"><div class=\"wp-block-embed__wrapper\">\nhttps:\/\/www.youtube.com\/watch?v=LDwIPEQUv1g&#038;ab_channel=VioletaTelloGrau\n<\/div><\/figure>\n\n\n\n<p>Violeta i Magda professores de m\u00fasica.<\/p>\n","protected":false},"excerpt":{"rendered":"<p>Els alumnes de 1r d&#8217;ESO han creat i adaptat una orquestra de Gamelan amb els instruments que tenim a l&#8217;institut i alguns que han portat. Aquest tipus de m\u00fasica \u00e9s d&#8217;origen balin\u00e8s i \u00e9s comunit\u00e0ria, complexa i popular. Tothom \u00e9s imprescindible perqu\u00e8 la m\u00fasica pugui&hellip;  <a href=\"https:\/\/agora.xtec.cat\/iesnarcismonturiol\/general\/gamelan-1reso\/\" title=\"Read Gamelan 1r d&#8217;ESO\">Llegeix m\u00e9s\u00bb<\/a><\/p>\n","protected":false},"author":5,"featured_media":9679,"comment_status":"closed","ping_status":"closed","sticky":false,"template":"","format":"standard","meta":{"_bbp_topic_count":0,"_bbp_reply_count":0,"_bbp_total_topic_count":0,"_bbp_total_reply_count":0,"_bbp_voice_count":0,"_bbp_anonymous_reply_count":0,"_bbp_topic_count_hidden":0,"_bbp_reply_count_hidden":0,"_bbp_forum_subforum_count":0,"footnotes":""},"categories":[125,1,133],"tags":[227],"class_list":["post-9669","post","type-post","status-publish","format-standard","has-post-thumbnail","hentry","category-destacada","category-general","category-musica","tag-gamelan"],"post_mailing_queue_ids":[],"_links":{"self":[{"href":"https:\/\/agora.xtec.cat\/iesnarcismonturiol\/wp-json\/wp\/v2\/posts\/9669","targetHints":{"allow":["GET"]}}],"collection":[{"href":"https:\/\/agora.xtec.cat\/iesnarcismonturiol\/wp-json\/wp\/v2\/posts"}],"about":[{"href":"https:\/\/agora.xtec.cat\/iesnarcismonturiol\/wp-json\/wp\/v2\/types\/post"}],"author":[{"embeddable":true,"href":"https:\/\/agora.xtec.cat\/iesnarcismonturiol\/wp-json\/wp\/v2\/users\/5"}],"replies":[{"embeddable":true,"href":"https:\/\/agora.xtec.cat\/iesnarcismonturiol\/wp-json\/wp\/v2\/comments?post=9669"}],"version-history":[{"count":0,"href":"https:\/\/agora.xtec.cat\/iesnarcismonturiol\/wp-json\/wp\/v2\/posts\/9669\/revisions"}],"wp:featuredmedia":[{"embeddable":true,"href":"https:\/\/agora.xtec.cat\/iesnarcismonturiol\/wp-json\/wp\/v2\/media\/9679"}],"wp:attachment":[{"href":"https:\/\/agora.xtec.cat\/iesnarcismonturiol\/wp-json\/wp\/v2\/media?parent=9669"}],"wp:term":[{"taxonomy":"category","embeddable":true,"href":"https:\/\/agora.xtec.cat\/iesnarcismonturiol\/wp-json\/wp\/v2\/categories?post=9669"},{"taxonomy":"post_tag","embeddable":true,"href":"https:\/\/agora.xtec.cat\/iesnarcismonturiol\/wp-json\/wp\/v2\/tags?post=9669"}],"curies":[{"name":"wp","href":"https:\/\/api.w.org\/{rel}","templated":true}]}}