{"id":9661,"date":"2021-03-20T23:19:41","date_gmt":"2021-03-20T21:19:41","guid":{"rendered":"https:\/\/insmonturiol.cat\/?p=9661"},"modified":"2021-03-20T23:19:41","modified_gmt":"2021-03-20T21:19:41","slug":"limpacte-perjudicial-del-soroll","status":"publish","type":"post","link":"https:\/\/agora.xtec.cat\/iesnarcismonturiol\/general\/limpacte-perjudicial-del-soroll\/","title":{"rendered":"L\u2019impacte perjudicial del soroll"},"content":{"rendered":"\n<p>Segons indica l\u2019Ag\u00e8ncia de Salut P\u00fablica de Barcelona (ASPB), hi ha evid\u00e8ncia cient\u00edfica que l&#8217;exposici\u00f3 cr\u00f2nica al soroll ambiental t\u00e9 efectes importants sobre la salut emocional,&nbsp;psicol\u00f2gica&nbsp;i social, i la qualitat de vida de les persones. A m\u00e9s, causa trastorns del son, malalties cardiovasculars i mort per causa cardiovascular, trastorns metab\u00f2lics en adults i problemes del desenvolupament cognitiu en infants.&nbsp;A la Uni\u00f3 Europea, despr\u00e9s de la contaminaci\u00f3 atmosf\u00e8rica, el soroll \u00e9s el segon factor ambiental que m\u00e9s impacta la salut de la poblaci\u00f3.<\/p>\n\n\n\n<p>Segons el mapa de soroll de Barcelona (<a href=\"https:\/\/www.aspb.cat\/wp-content\/uploads\/2021\/02\/sorollambientalisalut-bcn2021.pdf\">https:\/\/www.aspb.cat\/wp-content\/uploads\/2021\/02\/sorollambientalisalut-bcn2021.pdf<\/a><\/p>\n\n\n\n<p>), el tr\u00e0nsit \u00e9s la principal font de soroll a la ciutat. En concret, el 57% de la poblaci\u00f3 est\u00e0 exposada durant tot el dia a nivells de soroll de tr\u00e0nsit iguals o superiors als que l\u2019OMS considera perjudicials per a la salut (53 dB) i un 27% de la poblaci\u00f3 ho est\u00e0 a nivells molt per sobre d\u2019aquest llindar (65 dB).&nbsp; La segona font de soroll \u00e9s l\u2019oci nocturn que afecta el 3% de la poblaci\u00f3, per\u00f2 de forma molt concentrada a zones que acumulen aquesta activitat.<\/p>\n\n\n\n<p>Aquests nivells d\u2019exposici\u00f3 al soroll tenen un impacte directe en la salut dels ve\u00efns i les ve\u00efnes. L\u2019ASPB ha pogut quantificar una part d\u2019aquest l\u2019impacte en salut del soroll ambiental, com s\u00f3n els casos m\u00e9s greus de l\u2019afectaci\u00f3 emocional, psicol\u00f2gica i social (mol\u00e8stia intensa), el trastorn greu del son i la mortalitat per malaltia cardiovascular. Aix\u00ed, s\u2019ha estimat que a Barcelona m\u00e9s de 210.000 persones pateixen una mol\u00e8stia intensa (afectaci\u00f3 emocional, psicol\u00f2gica i social severa) a causa del soroll, que m\u00e9s de 60.000 persones pateixen un trastorn greu del son degut al soroll i que hi ha al voltant de 130 morts anuals per malaltia cardiovascular (al voltant d\u2019un 3% de les morts cardiovasculars) atribu\u00efbles a l\u2019exposici\u00f3 cr\u00f2nica al soroll ambiental.<\/p>\n\n\n\n<p>Volem recordar que el nostre centre es troba situat al costat mateix de la Ronda de Dalt, on el tr\u00e0nsit \u00e9s molt intens (especialment a primeres hores del mat\u00ed) i, per tant, la contaminaci\u00f3 ac\u00fastica i de part\u00edcules que rebem \u00e9s molt important. Fa dos anys vam plantejar aquesta q\u00fcesti\u00f3 al representant del Districte i l\u2019\u00fanica resposta que vam rebre va ser la sugger\u00e8ncia d\u2019instal\u00b7lar finestres amb c\u00e0mera a\u00efllant (ideals per ventilar l\u2019interior de les aules&#8230;). Per desgr\u00e0cia, l\u2019INS Narc\u00eds Monturiol no ser\u00e0 un dels centres que es beneficiaran del programa Protegim les Escoles, mitjan\u00e7ant el qual l\u2019Ajuntament vol pacificar l\u2019entorn de gaireb\u00e9 un centenar de centres educatius&#8230;<\/p>\n\n\n\n<p>Jordi G, coordinador d&#8217;Escoles Verdes<\/p>\n","protected":false},"excerpt":{"rendered":"<p>Segons indica l\u2019Ag\u00e8ncia de Salut P\u00fablica de Barcelona (ASPB), hi ha evid\u00e8ncia cient\u00edfica que l&#8217;exposici\u00f3 cr\u00f2nica al soroll ambiental t\u00e9 efectes importants sobre la salut emocional,&nbsp;psicol\u00f2gica&nbsp;i social, i la qualitat de vida de les persones. A m\u00e9s, causa trastorns del son, malalties cardiovasculars i mort&hellip;  <a href=\"https:\/\/agora.xtec.cat\/iesnarcismonturiol\/general\/limpacte-perjudicial-del-soroll\/\" title=\"Read L\u2019impacte perjudicial del soroll\">Llegeix m\u00e9s\u00bb<\/a><\/p>\n","protected":false},"author":5,"featured_media":9664,"comment_status":"closed","ping_status":"closed","sticky":false,"template":"","format":"standard","meta":{"_bbp_topic_count":0,"_bbp_reply_count":0,"_bbp_total_topic_count":0,"_bbp_total_reply_count":0,"_bbp_voice_count":0,"_bbp_anonymous_reply_count":0,"_bbp_topic_count_hidden":0,"_bbp_reply_count_hidden":0,"_bbp_forum_subforum_count":0,"footnotes":""},"categories":[125,127,1],"tags":[209],"class_list":["post-9661","post","type-post","status-publish","format-standard","has-post-thumbnail","hentry","category-destacada","category-escoles-sostenibles","category-general","tag-escoles-mes-sostenibles"],"post_mailing_queue_ids":[],"_links":{"self":[{"href":"https:\/\/agora.xtec.cat\/iesnarcismonturiol\/wp-json\/wp\/v2\/posts\/9661","targetHints":{"allow":["GET"]}}],"collection":[{"href":"https:\/\/agora.xtec.cat\/iesnarcismonturiol\/wp-json\/wp\/v2\/posts"}],"about":[{"href":"https:\/\/agora.xtec.cat\/iesnarcismonturiol\/wp-json\/wp\/v2\/types\/post"}],"author":[{"embeddable":true,"href":"https:\/\/agora.xtec.cat\/iesnarcismonturiol\/wp-json\/wp\/v2\/users\/5"}],"replies":[{"embeddable":true,"href":"https:\/\/agora.xtec.cat\/iesnarcismonturiol\/wp-json\/wp\/v2\/comments?post=9661"}],"version-history":[{"count":0,"href":"https:\/\/agora.xtec.cat\/iesnarcismonturiol\/wp-json\/wp\/v2\/posts\/9661\/revisions"}],"wp:featuredmedia":[{"embeddable":true,"href":"https:\/\/agora.xtec.cat\/iesnarcismonturiol\/wp-json\/wp\/v2\/media\/9664"}],"wp:attachment":[{"href":"https:\/\/agora.xtec.cat\/iesnarcismonturiol\/wp-json\/wp\/v2\/media?parent=9661"}],"wp:term":[{"taxonomy":"category","embeddable":true,"href":"https:\/\/agora.xtec.cat\/iesnarcismonturiol\/wp-json\/wp\/v2\/categories?post=9661"},{"taxonomy":"post_tag","embeddable":true,"href":"https:\/\/agora.xtec.cat\/iesnarcismonturiol\/wp-json\/wp\/v2\/tags?post=9661"}],"curies":[{"name":"wp","href":"https:\/\/api.w.org\/{rel}","templated":true}]}}