{"id":9621,"date":"2021-02-28T22:28:23","date_gmt":"2021-02-28T20:28:23","guid":{"rendered":"http:\/\/insmonturiol.cat\/?p=9621"},"modified":"2021-02-28T22:28:23","modified_gmt":"2021-02-28T20:28:23","slug":"sobre-las-medidas-restrictivas-derivadas-de-la-pandemia","status":"publish","type":"post","link":"https:\/\/agora.xtec.cat\/iesnarcismonturiol\/general\/sobre-las-medidas-restrictivas-derivadas-de-la-pandemia\/","title":{"rendered":"Sobre las medidas restrictivas derivadas de la pandemia"},"content":{"rendered":"\n<p>El ya conocido virus que nos acecha hoy en d\u00eda nos ha obligado a tomar medidas de Seguridad para evitar contagios, muchos de los cuales han afectado negativamente, pero \u00bfvalen la pena?<\/p>\n\n\n\n<p>Las principales medidas restrictivas que fueron aplicadas recientemente son las burbujas de convivencia, la reducci\u00f3n de aforo de recintos p\u00fablicos y el uso de mascarillas, entre otras. Gran parte de esta decisi\u00f3n, tomada por el Gobierno de Espa\u00f1a, ha causado que mucha gente pierda su trabajo y se vea vulnerable ante el virus y la econom\u00eda, pues se han tenido que cerrar negocios. Adem\u00e1s, hay personas que empiezan a temer el hecho de salir a la calle, e incluso adolescentes en su mayor\u00eda sufren ataques de ansiedad y desarrollan trastornos mentales por estar tanto tiempo ante un posible contagio.<\/p>\n\n\n\n<p>Sin embargo, todas las medidas tomadas son esenciales para poder parar esta pandemia, por lo que estoy a favor de que se ampl\u00eden. Todos los inconvenientes causados por el virus, a excepci\u00f3n de las muertes y las secuelas, pueden desaparecer junto con el mismo. Cuanto antes se acabe con el Covid-19, antes se acabar\u00e1n las medidas restrictivas y, poco a poco, se podr\u00e1 regresar a esa ansiada y a\u00f1orada normalidad.<\/p>\n\n\n\n<p><em>Natalia Romero Lazo, 2n Bachillerato A<\/em><\/p>\n","protected":false},"excerpt":{"rendered":"<p>El ya conocido virus que nos acecha hoy en d\u00eda nos ha obligado a tomar medidas de Seguridad para evitar contagios, muchos de los cuales han afectado negativamente, pero \u00bfvalen la pena?<\/p>\n<p>Las principales medidas restrictivas que fueron aplicadas recientemente son las burbujas de convivencia, la&hellip;  <a href=\"https:\/\/agora.xtec.cat\/iesnarcismonturiol\/general\/sobre-las-medidas-restrictivas-derivadas-de-la-pandemia\/\" title=\"Read Sobre las medidas restrictivas derivadas de la pandemia\">Llegeix m\u00e9s\u00bb<\/a><\/p>\n","protected":false},"author":5,"featured_media":9623,"comment_status":"closed","ping_status":"closed","sticky":false,"template":"","format":"standard","meta":{"_bbp_topic_count":0,"_bbp_reply_count":0,"_bbp_total_topic_count":0,"_bbp_total_reply_count":0,"_bbp_voice_count":0,"_bbp_anonymous_reply_count":0,"_bbp_topic_count_hidden":0,"_bbp_reply_count_hidden":0,"_bbp_forum_subforum_count":0,"footnotes":""},"categories":[120,125,1],"tags":[218,275],"class_list":["post-9621","post","type-post","status-publish","format-standard","has-post-thumbnail","hentry","category-castella","category-destacada","category-general","tag-expresion-escrita","tag-pandemia"],"post_mailing_queue_ids":[],"_links":{"self":[{"href":"https:\/\/agora.xtec.cat\/iesnarcismonturiol\/wp-json\/wp\/v2\/posts\/9621","targetHints":{"allow":["GET"]}}],"collection":[{"href":"https:\/\/agora.xtec.cat\/iesnarcismonturiol\/wp-json\/wp\/v2\/posts"}],"about":[{"href":"https:\/\/agora.xtec.cat\/iesnarcismonturiol\/wp-json\/wp\/v2\/types\/post"}],"author":[{"embeddable":true,"href":"https:\/\/agora.xtec.cat\/iesnarcismonturiol\/wp-json\/wp\/v2\/users\/5"}],"replies":[{"embeddable":true,"href":"https:\/\/agora.xtec.cat\/iesnarcismonturiol\/wp-json\/wp\/v2\/comments?post=9621"}],"version-history":[{"count":0,"href":"https:\/\/agora.xtec.cat\/iesnarcismonturiol\/wp-json\/wp\/v2\/posts\/9621\/revisions"}],"wp:featuredmedia":[{"embeddable":true,"href":"https:\/\/agora.xtec.cat\/iesnarcismonturiol\/wp-json\/wp\/v2\/media\/9623"}],"wp:attachment":[{"href":"https:\/\/agora.xtec.cat\/iesnarcismonturiol\/wp-json\/wp\/v2\/media?parent=9621"}],"wp:term":[{"taxonomy":"category","embeddable":true,"href":"https:\/\/agora.xtec.cat\/iesnarcismonturiol\/wp-json\/wp\/v2\/categories?post=9621"},{"taxonomy":"post_tag","embeddable":true,"href":"https:\/\/agora.xtec.cat\/iesnarcismonturiol\/wp-json\/wp\/v2\/tags?post=9621"}],"curies":[{"name":"wp","href":"https:\/\/api.w.org\/{rel}","templated":true}]}}