{"id":9605,"date":"2021-02-27T21:45:30","date_gmt":"2021-02-27T19:45:30","guid":{"rendered":"http:\/\/insmonturiol.cat\/?p=9605"},"modified":"2021-02-27T21:45:30","modified_gmt":"2021-02-27T19:45:30","slug":"intercanvi-afs-la-sol-a-coimbra","status":"publish","type":"post","link":"https:\/\/agora.xtec.cat\/iesnarcismonturiol\/general\/intercanvi-afs-la-sol-a-coimbra\/","title":{"rendered":"Intercanvi AFS: la Sol a Co\u00efmbra"},"content":{"rendered":"\n<p>Durant tot el primer trimestre d\u2019aquest curs, 4t, he estat d\u2019intercanvi amb AFS a Portugal (Coimbra exactament). Ha sigut una de les millors  experi\u00e8ncies que he viscut, sento que he apr\u00e8s molt, sobre les persones, les cultures, la gastronomia, els idiomes, i sobretot de mi mateixa.&nbsp;<\/p>\n\n\n\n<p>Quan em van donar la possibilitat d\u2019anar estava molt contenta, per\u00f2 a mesura que arribava el dia estava m\u00e9s nerviosa i tenia m\u00e9s por. I els primers dies realment van ser aix\u00ed, plens de nervis, de novetats i de por\u2026 Tot era nou i em sentia fora de lloc. Trobava a faltar estar en el meu pa\u00eds natal.&nbsp;<\/p>\n\n\n\n<p>Per\u00f2 em vaig donar uns dies per poder anar coneixent tot i adaptar-me m\u00e9s o menys al nou entorn. I de sobte, sense adonar-me anaven passant els dies i cada vegada em sentia m\u00e9s c\u00f2mode amb la meva fam\u00edlia. Vaig con\u00e8ixer una noia que tamb\u00e9 estava d\u2019intercanvi i amb la qual la meva est\u00e0ncia all\u00e0 va millorar molt. Notava que cada vegada entenia m\u00e9s el Portugu\u00e8s i que anava tenint menys dificultats per parlar-ho. Tamb\u00e9 anava descobrint menjars t\u00edpics d\u2019all\u00e0, ciutats, persones, etc. Em sentia plenament b\u00e9, feli\u00e7.&nbsp;<\/p>\n\n\n\n<p>Llavors va arribar el dia de marxar. tenia ganes de veure a la meva fam\u00edlia i amics, per\u00f2 no volia deixar tot el que tenia all\u00e0. I estic&nbsp;esperant amb \u00e0nsies l\u2019estiu per poder tornar.&nbsp;<\/p>\n\n\n\n<figure class=\"wp-block-image size-large\"><img decoding=\"async\" src=\"https:\/\/insmonturiol.cat\/wp-content\/uploads\/2021\/02\/IMG_20210227_125104-1024x768.jpg\" alt=\"\" class=\"wp-image-9608\"\/><\/figure>\n\n\n\n<p>Sol Perea Oliver alumna de 4t d&#8217;ESO.<\/p>\n","protected":false},"excerpt":{"rendered":"<p>Durant tot el primer trimestre d\u2019aquest curs, 4t, he estat d\u2019intercanvi amb AFS a Portugal (Coimbra exactament). Ha sigut una de les millors  experi\u00e8ncies que he viscut, sento que he apr\u00e8s molt, sobre les persones, les cultures, la gastronomia, els idiomes, i sobretot de&hellip;  <a href=\"https:\/\/agora.xtec.cat\/iesnarcismonturiol\/general\/intercanvi-afs-la-sol-a-coimbra\/\" title=\"Read Intercanvi AFS: la Sol a Co\u00efmbra\">Llegeix m\u00e9s\u00bb<\/a><\/p>\n","protected":false},"author":5,"featured_media":9607,"comment_status":"closed","ping_status":"closed","sticky":false,"template":"","format":"standard","meta":{"_bbp_topic_count":0,"_bbp_reply_count":0,"_bbp_total_topic_count":0,"_bbp_total_reply_count":0,"_bbp_voice_count":0,"_bbp_anonymous_reply_count":0,"_bbp_topic_count_hidden":0,"_bbp_reply_count_hidden":0,"_bbp_forum_subforum_count":0,"footnotes":""},"categories":[125,1],"tags":[146,283],"class_list":["post-9605","post","type-post","status-publish","format-standard","has-post-thumbnail","hentry","category-destacada","category-general","tag-afs-intercultura","tag-portugal"],"post_mailing_queue_ids":[],"_links":{"self":[{"href":"https:\/\/agora.xtec.cat\/iesnarcismonturiol\/wp-json\/wp\/v2\/posts\/9605","targetHints":{"allow":["GET"]}}],"collection":[{"href":"https:\/\/agora.xtec.cat\/iesnarcismonturiol\/wp-json\/wp\/v2\/posts"}],"about":[{"href":"https:\/\/agora.xtec.cat\/iesnarcismonturiol\/wp-json\/wp\/v2\/types\/post"}],"author":[{"embeddable":true,"href":"https:\/\/agora.xtec.cat\/iesnarcismonturiol\/wp-json\/wp\/v2\/users\/5"}],"replies":[{"embeddable":true,"href":"https:\/\/agora.xtec.cat\/iesnarcismonturiol\/wp-json\/wp\/v2\/comments?post=9605"}],"version-history":[{"count":0,"href":"https:\/\/agora.xtec.cat\/iesnarcismonturiol\/wp-json\/wp\/v2\/posts\/9605\/revisions"}],"wp:featuredmedia":[{"embeddable":true,"href":"https:\/\/agora.xtec.cat\/iesnarcismonturiol\/wp-json\/wp\/v2\/media\/9607"}],"wp:attachment":[{"href":"https:\/\/agora.xtec.cat\/iesnarcismonturiol\/wp-json\/wp\/v2\/media?parent=9605"}],"wp:term":[{"taxonomy":"category","embeddable":true,"href":"https:\/\/agora.xtec.cat\/iesnarcismonturiol\/wp-json\/wp\/v2\/categories?post=9605"},{"taxonomy":"post_tag","embeddable":true,"href":"https:\/\/agora.xtec.cat\/iesnarcismonturiol\/wp-json\/wp\/v2\/tags?post=9605"}],"curies":[{"name":"wp","href":"https:\/\/api.w.org\/{rel}","templated":true}]}}