{"id":954,"date":"2012-05-17T05:49:09","date_gmt":"2012-05-17T05:49:09","guid":{"rendered":"http:\/\/insmonturiol.cat\/echange-avec-le-lycee-dhuoda-de-nimes"},"modified":"2012-05-17T05:49:09","modified_gmt":"2012-05-17T05:49:09","slug":"echange-avec-le-lycee-dhuoda-de-nimes","status":"publish","type":"post","link":"https:\/\/agora.xtec.cat\/iesnarcismonturiol\/general\/echange-avec-le-lycee-dhuoda-de-nimes\/","title":{"rendered":"\u00c9change avec le Lyc\u00e9e Dhuoda de N\u00eemes."},"content":{"rendered":"<p style=\"text-align: center;\" align=\"JUSTIFY\"><a href=\"http:\/\/insmonturiol.cat\/wp-content\/uploads\/2012\/05\/IMGP5764-1.jpg\"><img loading=\"lazy\" decoding=\"async\" class=\"aligncenter size-medium wp-image-961\" title=\"IMGP5764 (1)\" src=\"http:\/\/insmonturiol.cat\/wp-content\/uploads\/2012\/05\/IMGP5764-1-300x225.jpg\" alt=\"Parc del Laberint d'Horta.\" width=\"300\" height=\"225\" \/><\/a><\/p>\n<p align=\"JUSTIFY\"><span style=\"font-family: Arial, sans-serif;\">Les \u00e9l\u00e8ves de 4\u00ba de ESO du Narc<\/span><span style=\"font-family: Arial, sans-serif;\">\u00eds Monturiol ont r\u00e9alis\u00e9 un \u00e9change avec\u00a0<\/span><span style=\"font-family: Arial, sans-serif;\">des<\/span><span style=\"font-family: Arial, sans-serif;\"> \u00e9l\u00e8ves de seconde du Lyc\u00e9e Dhuoda de N\u00eemes. Apr\u00e8s un \u00e9change\u00a0<\/span><span style=\"font-family: Arial, sans-serif;\">\u00e9pistolaire \u00e9lectronique, les \u00e9l\u00e8ves ont pu se conna\u00eetre personnellement au\u00a0<\/span><span style=\"font-family: Arial, sans-serif;\">cours d\u2019un petit voyage \u00e0 Barcelone pour les \u00e9l\u00e8ves fran\u00e7ais et \u00e0 N\u00eemes pour\u00a0<\/span><span style=\"font-family: Arial, sans-serif;\">les \u00e9l\u00e8ves du Narc\u00eds Monturiol. Diff\u00e9rentes familles, ici et \u00e0 N\u00eemes, les ont\u00a0<\/span><span style=\"font-family: Arial, sans-serif;\">aimablement h\u00e9berg\u00e9s et se sont occup\u00e9es d\u2019eux pendant leur s\u00e9jour.<\/span><\/p>\n<p lang=\"fr-FR\" align=\"JUSTIFY\"><span style=\"font-family: Arial, sans-serif;\">Nos correspondants fran\u00e7ais ont pass\u00e9 trois jours \u00e0 Barcelone o\u00f9 nous\u00a0<\/span><span style=\"font-family: Arial, sans-serif;\">avons<\/span><span style=\"font-family: Arial, sans-serif;\"> visit\u00e9 tous ensemble le labyrinthe d\u2019Horta, le centre historique de la\u00a0<\/span><span style=\"font-family: Arial, sans-serif;\">ville, la<\/span><span style=\"font-family: Arial, sans-serif;\"> \u00ab\u00a0f\u00e1brica del sol\u00a0\u00bb et le parc G\u00fcell. Nous avons aussi fait un pique-<\/span><span style=\"font-family: Arial, sans-serif;\">nique sur la<\/span><span style=\"font-family: Arial, sans-serif;\"> plage.<\/span><\/p>\n<p lang=\"fr-FR\" align=\"JUSTIFY\">\u00a0<span style=\"font-family: Arial, sans-serif;\">\u00c0 notre tour, \u00e0 N\u00eemes, nous avons visit\u00e9 un centre de recyclage de d\u00e9chets\u00a0<\/span><span style=\"font-family: Arial, sans-serif;\">organiques (Am\u00e9thyst) pr\u00e8s de Montpellier, les vestiges romains de la ville\u00a0<\/span><span style=\"font-family: Arial, sans-serif;\">(Ar\u00e8nes, maison carr\u00e9e, Tour Magne\u2026), le fameux pont du Gard et le mus\u00e9e\u00a0<\/span><span style=\"font-family: Arial, sans-serif;\">de<\/span><span style=\"font-family: Arial, sans-serif;\"> la Camargue pr\u00e8s d\u2019Arles.<\/span><\/p>\n<p lang=\"fr-FR\" align=\"JUSTIFY\">\u00a0<span style=\"font-family: Arial, sans-serif;\">L\u2019exp\u00e9rience, qui se r\u00e9alisait pour la premi\u00e8re fois, a \u00e9t\u00e9 tr\u00e8s positive et tou<\/span><span style=\"font-family: Arial, sans-serif;\">t\u00a0<\/span><span style=\"font-family: Arial, sans-serif;\">le monde a \u00e9t\u00e9 enchant\u00e9.<\/span><\/p>\n<p lang=\"fr-FR\" align=\"JUSTIFY\"><span style=\"font-family: Arial, sans-serif;\"><a href=\"http:\/\/insmonturiol.cat\/wp-content\/uploads\/2012\/05\/CIMG1081.jpg\"><img loading=\"lazy\" decoding=\"async\" class=\"aligncenter size-medium wp-image-965\" title=\"CIMG1081\" src=\"http:\/\/insmonturiol.cat\/wp-content\/uploads\/2012\/05\/CIMG1081-225x300.jpg\" alt=\"Amphith\u00e9\u00e2tre romain Les Ar\u00e8nes de N\u00eeme\" width=\"225\" height=\"300\" \/><\/a>\u00a0<\/span><\/p>\n<p lang=\"fr-FR\" align=\"JUSTIFY\"><a href=\"http:\/\/www.lycee-dhuoda-nimes.com\/\">http:\/\/www.lycee-dhuoda-nimes.com\/<\/a><\/p>\n","protected":false},"excerpt":{"rendered":"<p><a href=\"http:\/\/insmonturiol.cat\/wp-content\/uploads\/2012\/05\/IMGP5764-1.jpg\"><\/a><br \/>\nLes \u00e9l\u00e8ves de 4\u00ba de ESO du Narc\u00eds Monturiol ont r\u00e9alis\u00e9 un \u00e9change avec\u00a0des \u00e9l\u00e8ves de seconde du Lyc\u00e9e Dhuoda de N\u00eemes. Apr\u00e8s un \u00e9change\u00a0\u00e9pistolaire \u00e9lectronique, les \u00e9l\u00e8ves ont pu se conna\u00eetre personnellement au\u00a0cours d\u2019un petit voyage \u00e0 Barcelone pour les \u00e9l\u00e8ves fran\u00e7ais et&hellip;  <a href=\"https:\/\/agora.xtec.cat\/iesnarcismonturiol\/general\/echange-avec-le-lycee-dhuoda-de-nimes\/\" title=\"Read \u00c9change avec le Lyc\u00e9e Dhuoda de N\u00eemes.\">Llegeix m\u00e9s\u00bb<\/a><\/p>\n","protected":false},"author":5,"featured_media":6172,"comment_status":"closed","ping_status":"closed","sticky":false,"template":"","format":"standard","meta":{"_bbp_topic_count":0,"_bbp_reply_count":0,"_bbp_total_topic_count":0,"_bbp_total_reply_count":0,"_bbp_voice_count":0,"_bbp_anonymous_reply_count":0,"_bbp_topic_count_hidden":0,"_bbp_reply_count_hidden":0,"_bbp_forum_subforum_count":0,"footnotes":""},"categories":[1,130],"tags":[225],"class_list":["post-954","post","type-post","status-publish","format-standard","has-post-thumbnail","hentry","category-general","category-llegues-estrangeres","tag-frances"],"post_mailing_queue_ids":[],"_links":{"self":[{"href":"https:\/\/agora.xtec.cat\/iesnarcismonturiol\/wp-json\/wp\/v2\/posts\/954","targetHints":{"allow":["GET"]}}],"collection":[{"href":"https:\/\/agora.xtec.cat\/iesnarcismonturiol\/wp-json\/wp\/v2\/posts"}],"about":[{"href":"https:\/\/agora.xtec.cat\/iesnarcismonturiol\/wp-json\/wp\/v2\/types\/post"}],"author":[{"embeddable":true,"href":"https:\/\/agora.xtec.cat\/iesnarcismonturiol\/wp-json\/wp\/v2\/users\/5"}],"replies":[{"embeddable":true,"href":"https:\/\/agora.xtec.cat\/iesnarcismonturiol\/wp-json\/wp\/v2\/comments?post=954"}],"version-history":[{"count":0,"href":"https:\/\/agora.xtec.cat\/iesnarcismonturiol\/wp-json\/wp\/v2\/posts\/954\/revisions"}],"wp:featuredmedia":[{"embeddable":true,"href":"https:\/\/agora.xtec.cat\/iesnarcismonturiol\/wp-json\/wp\/v2\/media\/6172"}],"wp:attachment":[{"href":"https:\/\/agora.xtec.cat\/iesnarcismonturiol\/wp-json\/wp\/v2\/media?parent=954"}],"wp:term":[{"taxonomy":"category","embeddable":true,"href":"https:\/\/agora.xtec.cat\/iesnarcismonturiol\/wp-json\/wp\/v2\/categories?post=954"},{"taxonomy":"post_tag","embeddable":true,"href":"https:\/\/agora.xtec.cat\/iesnarcismonturiol\/wp-json\/wp\/v2\/tags?post=954"}],"curies":[{"name":"wp","href":"https:\/\/api.w.org\/{rel}","templated":true}]}}