{"id":9487,"date":"2021-02-13T15:21:06","date_gmt":"2021-02-13T13:21:06","guid":{"rendered":"http:\/\/insmonturiol.cat\/?p=9487"},"modified":"2021-02-13T15:21:06","modified_gmt":"2021-02-13T13:21:06","slug":"portes-obertes-2021","status":"publish","type":"post","link":"https:\/\/agora.xtec.cat\/iesnarcismonturiol\/general\/portes-obertes-2021\/","title":{"rendered":"PORTES OBERTES 2021"},"content":{"rendered":"\n<p id=\"m_1991472528496623363gmail-m_-4358445680791502859gmail-block-884be2cb-a859-4759-b858-25fb411ec9fd\">Benvolgudes fam\u00edlies,<\/p>\n\n\n\n<p id=\"m_1991472528496623363gmail-m_-4358445680791502859gmail-block-884be2cb-a859-4759-b858-25fb411ec9fd\">Ser\u00e0 un plaer trobar-vos&nbsp;<strong>virtualment<\/strong>&nbsp;el proper&nbsp;<strong>d<\/strong><strong>imarts&nbsp;<\/strong><strong>23<\/strong><strong>&nbsp;de febrer a les 18.00 h&nbsp;<\/strong>o<strong>&nbsp;dissabte 27 de febrer a les 11.00 h&nbsp;<\/strong>per poder compartir amb tots vosaltres el nostre PROJECTE EDUCATIU.<\/p>\n\n\n\n<p>Podeu fer la inscripci\u00f3 a trav\u00e9s del seg\u00fcent&nbsp;<strong><a rel=\"noreferrer noopener\" href=\"https:\/\/docs.google.com\/forms\/d\/e\/1FAIpQLSd6dHw8CZ-BPlvGKQHYdBtDZVAcYlvrzrxxCUj9YJlZN4wvvQ\/viewform\" target=\"_blank\">FORMULARI<\/a><\/strong>. Les persones que ja us hi heu inscrit, rebreu un correu amb l&#8217;enlla\u00e7 de la sessi\u00f3 que farem a trav\u00e9s de la plataforma Google Meet.<\/p>\n\n\n\n<p id=\"m_1991472528496623363gmail-m_-4358445680791502859gmail-block-e3521bef-7490-418e-bb03-53d75024fd0b\">Les jornades de dimarts 23 i dissabte 27 de febrer seran per als estudis d&#8217;<strong>ESO.<\/strong><\/p>\n\n\n\n<p id=\"m_1991472528496623363gmail-m_-4358445680791502859gmail-block-66c896a9-866f-4671-88c2-d127d3893392\">El 4 de maig farem una nova jornada m\u00e9s espec\u00edfica per als estudis de&nbsp;<strong>BATXILLERAT<\/strong>. Properament penjarem el formulari d&#8217;inscripci\u00f3.<\/p>\n\n\n\n<p>Fins aviat!<\/p>\n","protected":false},"excerpt":{"rendered":"<p>Benvolgudes fam\u00edlies,<\/p>\n<p>Ser\u00e0 un plaer trobar-vos&nbsp;virtualment&nbsp;el proper&nbsp;dimarts&nbsp;23&nbsp;de febrer a les 18.00 h&nbsp;o&nbsp;dissabte 27 de febrer a les 11.00 h&nbsp;per poder compartir amb tots vosaltres el nostre PROJECTE EDUCATIU.<\/p>\n<p>Podeu fer la inscripci\u00f3 a trav\u00e9s del seg\u00fcent&nbsp;<a rel=\"noreferrer noopener\" href=\"https:\/\/docs.google.com\/forms\/d\/e\/1FAIpQLSd6dHw8CZ-BPlvGKQHYdBtDZVAcYlvrzrxxCUj9YJlZN4wvvQ\/viewform\" target=\"_blank\">FORMULARI<\/a>. Les persones que ja us hi heu&hellip;  <a href=\"https:\/\/agora.xtec.cat\/iesnarcismonturiol\/general\/portes-obertes-2021\/\" title=\"Read PORTES OBERTES 2021\">Llegeix m\u00e9s\u00bb<\/a><\/p>\n","protected":false},"author":5,"featured_media":9491,"comment_status":"closed","ping_status":"closed","sticky":false,"template":"","format":"standard","meta":{"_bbp_topic_count":0,"_bbp_reply_count":0,"_bbp_total_topic_count":0,"_bbp_total_reply_count":0,"_bbp_voice_count":0,"_bbp_anonymous_reply_count":0,"_bbp_topic_count_hidden":0,"_bbp_reply_count_hidden":0,"_bbp_forum_subforum_count":0,"footnotes":""},"categories":[125,1],"tags":[281],"class_list":["post-9487","post","type-post","status-publish","format-standard","has-post-thumbnail","hentry","category-destacada","category-general","tag-portes-obertes"],"post_mailing_queue_ids":[],"_links":{"self":[{"href":"https:\/\/agora.xtec.cat\/iesnarcismonturiol\/wp-json\/wp\/v2\/posts\/9487","targetHints":{"allow":["GET"]}}],"collection":[{"href":"https:\/\/agora.xtec.cat\/iesnarcismonturiol\/wp-json\/wp\/v2\/posts"}],"about":[{"href":"https:\/\/agora.xtec.cat\/iesnarcismonturiol\/wp-json\/wp\/v2\/types\/post"}],"author":[{"embeddable":true,"href":"https:\/\/agora.xtec.cat\/iesnarcismonturiol\/wp-json\/wp\/v2\/users\/5"}],"replies":[{"embeddable":true,"href":"https:\/\/agora.xtec.cat\/iesnarcismonturiol\/wp-json\/wp\/v2\/comments?post=9487"}],"version-history":[{"count":0,"href":"https:\/\/agora.xtec.cat\/iesnarcismonturiol\/wp-json\/wp\/v2\/posts\/9487\/revisions"}],"wp:featuredmedia":[{"embeddable":true,"href":"https:\/\/agora.xtec.cat\/iesnarcismonturiol\/wp-json\/wp\/v2\/media\/9491"}],"wp:attachment":[{"href":"https:\/\/agora.xtec.cat\/iesnarcismonturiol\/wp-json\/wp\/v2\/media?parent=9487"}],"wp:term":[{"taxonomy":"category","embeddable":true,"href":"https:\/\/agora.xtec.cat\/iesnarcismonturiol\/wp-json\/wp\/v2\/categories?post=9487"},{"taxonomy":"post_tag","embeddable":true,"href":"https:\/\/agora.xtec.cat\/iesnarcismonturiol\/wp-json\/wp\/v2\/tags?post=9487"}],"curies":[{"name":"wp","href":"https:\/\/api.w.org\/{rel}","templated":true}]}}