{"id":9478,"date":"2021-06-07T09:30:58","date_gmt":"2021-06-07T07:30:58","guid":{"rendered":"http:\/\/insmonturiol.cat\/?p=9478"},"modified":"2021-06-07T09:30:58","modified_gmt":"2021-06-07T07:30:58","slug":"preinscripcio-i-matricula-2021-2022","status":"publish","type":"post","link":"https:\/\/agora.xtec.cat\/iesnarcismonturiol\/general\/preinscripcio-i-matricula-2021-2022\/","title":{"rendered":"Preinscripci\u00f3 i matr\u00edcula 2021-2022"},"content":{"rendered":"\n<p><a rel=\"noreferrer noopener\" href=\"https:\/\/agora.xtec.cat\/iesnarcismonturiol\/wp-content\/uploads\/usu2521\/2021\/06\/INFORME_ASSIGNADES_INFORME_ASSIGNADES.pdf\" target=\"_blank\">Alumnes assignats al centre amb indicaci\u00f3 de la primera petici\u00f3 a 07\/06\/2021<\/a><\/p>\n\n\n\n<p><a href=\"https:\/\/agora.xtec.cat\/iesnarcismonturiol\/wp-content\/uploads\/usu2521\/2021\/06\/INFORME_PREINSCRITES_OME_INFORME_PREINSCRITES_OME.pdf\" target=\"_blank\" rel=\"noreferrer noopener\">Alumnes preinscrits al centre 07\/06\/2021<\/a><\/p>\n\n\n\n<p><a href=\"https:\/\/agora.xtec.cat\/iesnarcismonturiol\/wp-content\/uploads\/usu2521\/2021\/06\/INFORME_LLISTA_ESPERA_OME_LLISTA_ESPERA.pdf\" target=\"_blank\" rel=\"noreferrer noopener\">Publicaci\u00f3 de la llista d&#8217;espera del centre a 07\/06\/2021<\/a><\/p>\n\n\n\n<p style=\"font-size:24px\"><strong>En breu penjarem la informaci\u00f3 de la matr\u00edcula que ser\u00e0 del 14 al 18 de juny, l&#8217;haureu de fer presencialment demanant cita pr\u00e8via a trav\u00e9s d&#8217;un formulari que publicarem en aquesta p\u00e0gina web. <\/strong><\/p>\n\n\n\n<p class=\"has-medium-font-size\"><strong><span class=\"has-inline-color has-vivid-cyan-blue-color\">CALENDARI<\/span><\/strong><\/p>\n\n\n\n<p><strong>ESO: <\/strong>Del 17 al 24 de mar\u00e7.<\/p>\n\n\n\n<p><strong>Batxillerat: <\/strong>De l&#8217;11 al 17 de maig. <\/p>\n\n\n\n<div class=\"wp-block-buttons is-layout-flex wp-block-buttons-is-layout-flex\">\n<div class=\"wp-block-button\"><a class=\"wp-block-button__link has-white-color has-vivid-cyan-blue-background-color has-text-color has-background\" href=\"https:\/\/www.edubcn.cat\/ca\/alumnat_i_familia\/informacio_general_matriculacio\/preinscripcio\" style=\"border-radius:50px\" target=\"_blank\" rel=\"noreferrer noopener\"><span class=\"has-inline-color has-white-color\">Cliqueu aqu\u00ed per m\u00e9s informaci\u00f3<\/span><\/a><\/div>\n<\/div>\n\n\n\n<div class=\"wp-block-buttons is-layout-flex wp-block-buttons-is-layout-flex\">\n<div class=\"wp-block-button\"><a class=\"wp-block-button__link has-white-color has-vivid-cyan-blue-background-color has-text-color has-background\" href=\"https:\/\/preinscripcio.gencat.cat\/ca\/inici\" target=\"_blank\" rel=\"noreferrer noopener\"><span class=\"has-inline-color has-white-color\">Preinscripci\u00f3 2021 &#8211; 22<\/span><\/a><\/div>\n<\/div>\n\n\n\n<p><a href=\"https:\/\/agora.xtec.cat\/iesnarcismonturiol\/wp-content\/uploads\/usu2521\/2021\/06\/INFORME_OFERTA_OME_INFORME_OFERTA.pdf\" target=\"_blank\" rel=\"noreferrer noopener\">OFERTA DEFIINITVA DE PLACES D&#8217;ESO (04\/06\/21)<\/a><\/p>\n\n\n\n<p><strong><a rel=\"noreferrer noopener\" href=\"https:\/\/agora.xtec.cat\/iesnarcismonturiol\/wp-content\/uploads\/usu2521\/2021\/04\/INFORME_BAREM_RESOLTES_BAREM-2.pdf\" target=\"_blank\">Llistes amb el barem resoltes les reclamacions a dia 30\/04\/21<\/a><\/strong><\/p>\n\n\n\n<p class=\"has-luminous-vivid-orange-color has-text-color\">Properes dates: 5 de maig de 2021: <strong><a href=\"https:\/\/beteve.cat\/societat\/40900-numero-desempat-eso-preinscripcio-2021-22-catalunya\/\">El 40.900 \u00e9s el n\u00famero de desempat per a la preinscripci\u00f3 a l\u2019ESO<\/a>.<\/strong><\/p>\n\n\n\n<p class=\"has-luminous-vivid-orange-color has-text-color\"><\/p>\n\n\n\n<p><a href=\"https:\/\/agora.xtec.cat\/iesnarcismonturiol\/wp-content\/uploads\/usu2521\/2021\/05\/INFORME_BAREM_DEFINITIU_BAREM.pdf\" target=\"_blank\" rel=\"noreferrer noopener\">Publicaci\u00f3 de la llista de sol\u00b7licituds que han demanat el centre i l&#8217;ensenyament en primera<br>petici\u00f3 ordenada a 07\/05\/2021<\/a><\/p>\n\n\n\n<p class=\"has-luminous-vivid-orange-color has-text-color\">4 de juny de 2021: oferta final de places escolars.<\/p>\n\n\n\n<p class=\"has-luminous-vivid-orange-color has-text-color\">7 de juny de 2021: llista d&#8217;alumnes admesos i llista d&#8217;espera<\/p>\n\n\n\n<div class=\"wp-block-buttons is-layout-flex wp-block-buttons-is-layout-flex\">\n<div class=\"wp-block-button\"><a class=\"wp-block-button__link has-vivid-cyan-blue-background-color has-background\" href=\"https:\/\/agora.xtec.cat\/iesnarcismonturiol\/wp-content\/uploads\/usu2521\/2021\/03\/Informacio-preinscripcio.pdf\" target=\"_blank\" rel=\"noreferrer noopener\"><span class=\"has-inline-color has-white-color\">Informaci\u00f3 Preinscripci\u00f3<\/span><\/a><\/div>\n<\/div>\n\n\n\n<div class=\"wp-block-buttons is-layout-flex wp-block-buttons-is-layout-flex\">\n<div class=\"wp-block-button\"><a class=\"wp-block-button__link has-vivid-cyan-blue-background-color has-background\" href=\"https:\/\/agora.xtec.cat\/iesnarcismonturiol\/wp-content\/uploads\/usu2521\/2021\/03\/calendari.pdf\" target=\"_blank\" rel=\"noreferrer noopener\"><span class=\"has-inline-color has-white-color\">Calendari Preinscripci\u00f3 ESO<\/span><\/a><\/div>\n<\/div>\n\n\n\n<p>Consultes: <a href=\"mailto:a8013214@xtec.cat\">a8013214@xtec.cat<\/a>.<\/p>\n","protected":false},"excerpt":{"rendered":"<p><a rel=\"noreferrer noopener\" href=\"https:\/\/agora.xtec.cat\/iesnarcismonturiol\/wp-content\/uploads\/usu2521\/2021\/06\/INFORME_ASSIGNADES_INFORME_ASSIGNADES.pdf\" target=\"_blank\">Alumnes assignats al centre amb indicaci\u00f3 de la primera petici\u00f3 a 07\/06\/2021<\/a><\/p>\n<p><a href=\"https:\/\/agora.xtec.cat\/iesnarcismonturiol\/wp-content\/uploads\/usu2521\/2021\/06\/INFORME_PREINSCRITES_OME_INFORME_PREINSCRITES_OME.pdf\" target=\"_blank\" rel=\"noreferrer noopener\">Alumnes preinscrits al centre 07\/06\/2021<\/a><\/p>\n<p><a href=\"https:\/\/agora.xtec.cat\/iesnarcismonturiol\/wp-content\/uploads\/usu2521\/2021\/06\/INFORME_LLISTA_ESPERA_OME_LLISTA_ESPERA.pdf\" target=\"_blank\" rel=\"noreferrer noopener\">Publicaci\u00f3 de la llista d&#8217;espera del centre a 07\/06\/2021<\/a><\/p>\n<p>En breu penjarem la informaci\u00f3 de la matr\u00edcula que ser\u00e0&hellip;  <a href=\"https:\/\/agora.xtec.cat\/iesnarcismonturiol\/general\/preinscripcio-i-matricula-2021-2022\/\" title=\"Read Preinscripci\u00f3 i matr\u00edcula 2021-2022\">Llegeix m\u00e9s\u00bb<\/a><\/p>\n","protected":false},"author":5,"featured_media":9481,"comment_status":"closed","ping_status":"closed","sticky":false,"template":"","format":"standard","meta":{"_bbp_topic_count":0,"_bbp_reply_count":0,"_bbp_total_topic_count":0,"_bbp_total_reply_count":0,"_bbp_voice_count":0,"_bbp_anonymous_reply_count":0,"_bbp_topic_count_hidden":0,"_bbp_reply_count_hidden":0,"_bbp_forum_subforum_count":0,"footnotes":""},"categories":[125,1],"tags":[],"class_list":["post-9478","post","type-post","status-publish","format-standard","has-post-thumbnail","hentry","category-destacada","category-general"],"post_mailing_queue_ids":[],"_links":{"self":[{"href":"https:\/\/agora.xtec.cat\/iesnarcismonturiol\/wp-json\/wp\/v2\/posts\/9478","targetHints":{"allow":["GET"]}}],"collection":[{"href":"https:\/\/agora.xtec.cat\/iesnarcismonturiol\/wp-json\/wp\/v2\/posts"}],"about":[{"href":"https:\/\/agora.xtec.cat\/iesnarcismonturiol\/wp-json\/wp\/v2\/types\/post"}],"author":[{"embeddable":true,"href":"https:\/\/agora.xtec.cat\/iesnarcismonturiol\/wp-json\/wp\/v2\/users\/5"}],"replies":[{"embeddable":true,"href":"https:\/\/agora.xtec.cat\/iesnarcismonturiol\/wp-json\/wp\/v2\/comments?post=9478"}],"version-history":[{"count":0,"href":"https:\/\/agora.xtec.cat\/iesnarcismonturiol\/wp-json\/wp\/v2\/posts\/9478\/revisions"}],"wp:featuredmedia":[{"embeddable":true,"href":"https:\/\/agora.xtec.cat\/iesnarcismonturiol\/wp-json\/wp\/v2\/media\/9481"}],"wp:attachment":[{"href":"https:\/\/agora.xtec.cat\/iesnarcismonturiol\/wp-json\/wp\/v2\/media?parent=9478"}],"wp:term":[{"taxonomy":"category","embeddable":true,"href":"https:\/\/agora.xtec.cat\/iesnarcismonturiol\/wp-json\/wp\/v2\/categories?post=9478"},{"taxonomy":"post_tag","embeddable":true,"href":"https:\/\/agora.xtec.cat\/iesnarcismonturiol\/wp-json\/wp\/v2\/tags?post=9478"}],"curies":[{"name":"wp","href":"https:\/\/api.w.org\/{rel}","templated":true}]}}