{"id":9475,"date":"2021-01-27T17:14:42","date_gmt":"2021-01-27T15:14:42","guid":{"rendered":"http:\/\/insmonturiol.cat\/?p=9475"},"modified":"2021-01-27T17:14:42","modified_gmt":"2021-01-27T15:14:42","slug":"treballant-lhort","status":"publish","type":"post","link":"https:\/\/agora.xtec.cat\/iesnarcismonturiol\/general\/treballant-lhort\/","title":{"rendered":"Treballant l&#8217;hort."},"content":{"rendered":"\n<figure class=\"wp-block-image size-large\"><img loading=\"lazy\" decoding=\"async\" width=\"1024\" height=\"768\" src=\"http:\/\/insmonturiol.cat\/wp-content\/uploads\/2021\/01\/IMG_20210111_120537-1024x768.jpg\" alt=\"\" class=\"wp-image-9500\" srcset=\"https:\/\/agora.xtec.cat\/iesnarcismonturiol\/wp-content\/uploads\/usu2521\/2021\/01\/IMG_20210111_120537-1024x768.jpg 1024w, https:\/\/agora.xtec.cat\/iesnarcismonturiol\/wp-content\/uploads\/usu2521\/2021\/01\/IMG_20210111_120537-300x225.jpg 300w, https:\/\/agora.xtec.cat\/iesnarcismonturiol\/wp-content\/uploads\/usu2521\/2021\/01\/IMG_20210111_120537-768x576.jpg 768w, https:\/\/agora.xtec.cat\/iesnarcismonturiol\/wp-content\/uploads\/usu2521\/2021\/01\/IMG_20210111_120537-1536x1152.jpg 1536w, https:\/\/agora.xtec.cat\/iesnarcismonturiol\/wp-content\/uploads\/usu2521\/2021\/01\/IMG_20210111_120537-2048x1536.jpg 2048w, https:\/\/agora.xtec.cat\/iesnarcismonturiol\/wp-content\/uploads\/usu2521\/2021\/01\/IMG_20210111_120537-200x150.jpg 200w\" sizes=\"auto, (max-width: 1024px) 100vw, 1024px\" \/><\/figure>\n\n\n\n<p>Hola! Els alumnes de 1r i 2n de l\u2019ESO estem fent l\u2019optativa d&#8217;hort. Estem fent diferents tasques: treure fulles de les parcel\u00b7les, treure fulles del voltant de les parcel\u00b7les, regar, compostadora, trepitjar fulles i tapar cal\u00e7ots. No sempre fem la mateixa tasca, sin\u00f3 que cada setmana ens anem tornant per fer les tasques.<\/p>\n\n\n\n<p>Avui estem plantant alls i cols que l&#8217;institut ha comprat com a plantes petites amb les arrels. Avui tamb\u00e9 estem regant, per\u00f2 no estem traient fulles de les parcel\u00b7les perqu\u00e8 no han caigut moltes donat que els arbres s\u2019estan quedant sense.<\/p>\n\n\n\n<p>Algunes de les plantes que hem plantat a l\u2019hort s\u00f3n: cal\u00e7ots, enciams, escaroles, faves, pastanagues, p\u00e8sols, cols i alls. A les imatges podeu veure com les reguem, recollim fulles i plantem.<\/p>\n\n\n\n<p>Alumnes de 1rC<\/p>\n\n\n\n<figure class=\"wp-block-image size-large\"><img loading=\"lazy\" decoding=\"async\" width=\"1024\" height=\"768\" src=\"http:\/\/insmonturiol.cat\/wp-content\/uploads\/2021\/01\/IMG_20210118_121412-1024x768.jpg\" alt=\"\" class=\"wp-image-9501\" srcset=\"https:\/\/agora.xtec.cat\/iesnarcismonturiol\/wp-content\/uploads\/usu2521\/2021\/01\/IMG_20210118_121412-1024x768.jpg 1024w, https:\/\/agora.xtec.cat\/iesnarcismonturiol\/wp-content\/uploads\/usu2521\/2021\/01\/IMG_20210118_121412-300x225.jpg 300w, https:\/\/agora.xtec.cat\/iesnarcismonturiol\/wp-content\/uploads\/usu2521\/2021\/01\/IMG_20210118_121412-768x576.jpg 768w, https:\/\/agora.xtec.cat\/iesnarcismonturiol\/wp-content\/uploads\/usu2521\/2021\/01\/IMG_20210118_121412-1536x1152.jpg 1536w, https:\/\/agora.xtec.cat\/iesnarcismonturiol\/wp-content\/uploads\/usu2521\/2021\/01\/IMG_20210118_121412-2048x1536.jpg 2048w, https:\/\/agora.xtec.cat\/iesnarcismonturiol\/wp-content\/uploads\/usu2521\/2021\/01\/IMG_20210118_121412-200x150.jpg 200w\" sizes=\"auto, (max-width: 1024px) 100vw, 1024px\" \/><\/figure>\n","protected":false},"excerpt":{"rendered":"<p>Hola! Els alumnes de 1r i 2n de l\u2019ESO estem fent l\u2019optativa d&#8217;hort. Estem fent diferents tasques: treure fulles de les parcel\u00b7les, treure fulles del voltant de les parcel\u00b7les, regar, compostadora, trepitjar fulles i tapar cal\u00e7ots. No sempre fem la mateixa tasca, sin\u00f3 que cada&hellip;  <a href=\"https:\/\/agora.xtec.cat\/iesnarcismonturiol\/general\/treballant-lhort\/\" title=\"Read Treballant l&#8217;hort.\">Llegeix m\u00e9s\u00bb<\/a><\/p>\n","protected":false},"author":5,"featured_media":9499,"comment_status":"closed","ping_status":"closed","sticky":false,"template":"","format":"standard","meta":{"_bbp_topic_count":0,"_bbp_reply_count":0,"_bbp_total_topic_count":0,"_bbp_total_reply_count":0,"_bbp_voice_count":0,"_bbp_anonymous_reply_count":0,"_bbp_topic_count_hidden":0,"_bbp_reply_count_hidden":0,"_bbp_forum_subforum_count":0,"footnotes":""},"categories":[122,125,127,1],"tags":[233],"class_list":["post-9475","post","type-post","status-publish","format-standard","has-post-thumbnail","hentry","category-ciencies-naturals","category-destacada","category-escoles-sostenibles","category-general","tag-hort"],"post_mailing_queue_ids":[],"_links":{"self":[{"href":"https:\/\/agora.xtec.cat\/iesnarcismonturiol\/wp-json\/wp\/v2\/posts\/9475","targetHints":{"allow":["GET"]}}],"collection":[{"href":"https:\/\/agora.xtec.cat\/iesnarcismonturiol\/wp-json\/wp\/v2\/posts"}],"about":[{"href":"https:\/\/agora.xtec.cat\/iesnarcismonturiol\/wp-json\/wp\/v2\/types\/post"}],"author":[{"embeddable":true,"href":"https:\/\/agora.xtec.cat\/iesnarcismonturiol\/wp-json\/wp\/v2\/users\/5"}],"replies":[{"embeddable":true,"href":"https:\/\/agora.xtec.cat\/iesnarcismonturiol\/wp-json\/wp\/v2\/comments?post=9475"}],"version-history":[{"count":0,"href":"https:\/\/agora.xtec.cat\/iesnarcismonturiol\/wp-json\/wp\/v2\/posts\/9475\/revisions"}],"wp:featuredmedia":[{"embeddable":true,"href":"https:\/\/agora.xtec.cat\/iesnarcismonturiol\/wp-json\/wp\/v2\/media\/9499"}],"wp:attachment":[{"href":"https:\/\/agora.xtec.cat\/iesnarcismonturiol\/wp-json\/wp\/v2\/media?parent=9475"}],"wp:term":[{"taxonomy":"category","embeddable":true,"href":"https:\/\/agora.xtec.cat\/iesnarcismonturiol\/wp-json\/wp\/v2\/categories?post=9475"},{"taxonomy":"post_tag","embeddable":true,"href":"https:\/\/agora.xtec.cat\/iesnarcismonturiol\/wp-json\/wp\/v2\/tags?post=9475"}],"curies":[{"name":"wp","href":"https:\/\/api.w.org\/{rel}","templated":true}]}}