{"id":9466,"date":"2021-01-17T23:24:04","date_gmt":"2021-01-17T21:24:04","guid":{"rendered":"http:\/\/insmonturiol.cat\/?p=9466"},"modified":"2021-01-17T23:24:04","modified_gmt":"2021-01-17T21:24:04","slug":"treballs-de-recerca-i-medi-ambient","status":"publish","type":"post","link":"https:\/\/agora.xtec.cat\/iesnarcismonturiol\/general\/treballs-de-recerca-i-medi-ambient\/","title":{"rendered":"Treballs de Recerca i medi ambient."},"content":{"rendered":"\n<p>S\u00f3n molts els indicadors que permeten prendre la \u201ctemperatura\u201d a un institut, i un d\u2019ells \u00e9s sens dubte el nivell i els temes dels treballs de recerca dels alumnes de batxillerat. En aquest sentit, el Montu est\u00e0 d\u2019enhorabona, ja que molts dels treballs que els nostres alumnes de 2n de batxillerat han presentat aquesta setmana tenen un nivell alt\u00edssim i tracten una enorme amplitud de temes i interessos.<\/p>\n\n\n\n<p>Entre aquests temes no podia faltar, evidentment, la preocupaci\u00f3 que genera el deteriorament del medi ambient, immersos com estem en una situaci\u00f3 d\u2019emerg\u00e8ncia clim\u00e0tica. Des d&#8217;Escoles Verdes no podem sin\u00f3 felicitar a tots aquells alumnes que han apostat per dedicar tant d&#8217;esfor\u00e7 a aprofundir en el coneixement d&#8217;un medi ambient sobreexplotat i en crisi, i intentar aportar-hi solucions:<\/p>\n\n\n\n<p>&#8211; &#8220;Identificaci\u00f3 de micropl\u00e0stics en peixos del litoral barcelon\u00ed&#8221;, \u00c0lex M\u00fcller<\/p>\n\n\n\n<p>&#8211; &#8220;Water Congo Project&#8221;, Pep Perea.<\/p>\n\n\n\n<p>&#8211; &#8220;Energies renovables: adaptaci\u00f3 d&#8217;un habitatge a un consum energ\u00e8tic autosuficient&#8221;, H\u00e9ctor Herrero<\/p>\n\n\n\n<p>&#8211; &#8220;Vegeterianisme: moda o estil de vida?&#8221;, Luc\u00eda Leal<\/p>\n\n\n\n<p>&#8211; &#8220;Resist\u00e8ncia als antibi\u00f2tics: una amena\u00e7a oculta&#8221;, Milena Sureda<\/p>\n\n\n\n<p>&#8211; &#8220;Qualitat de l&#8217;aire a la ciutat de Barcelona abans i despr\u00e9s de la quarantena de 2020&#8221;, Diego Aguilar<\/p>\n\n\n\n<p>&#8211; &#8220;Les marees negres i els accidents petroliers: extracci\u00f3 de petroli en plantes&#8221;, Aina Vidal i Saioa Guerrero<\/p>\n\n\n\n<p>&#8211; &#8220;La contaminaci\u00f3&#8221;, Alejandro Ram\u00edrez<\/p>\n\n\n\n<p>&#8211; &#8220;Consum energ\u00e8tic&#8221;, Luis S\u00e1nchez<\/p>\n\n\n\n<p>A tots ells, enhorabona per la bona feina feta!<\/p>\n","protected":false},"excerpt":{"rendered":"<p>S\u00f3n molts els indicadors que permeten prendre la \u201ctemperatura\u201d a un institut, i un d\u2019ells \u00e9s sens dubte el nivell i els temes dels treballs de recerca dels alumnes de batxillerat. En aquest sentit, el Montu est\u00e0 d\u2019enhorabona, ja que molts dels treballs que els&hellip;  <a href=\"https:\/\/agora.xtec.cat\/iesnarcismonturiol\/general\/treballs-de-recerca-i-medi-ambient\/\" title=\"Read Treballs de Recerca i medi ambient.\">Llegeix m\u00e9s\u00bb<\/a><\/p>\n","protected":false},"author":5,"featured_media":9467,"comment_status":"closed","ping_status":"closed","sticky":false,"template":"","format":"standard","meta":{"_bbp_topic_count":0,"_bbp_reply_count":0,"_bbp_total_topic_count":0,"_bbp_total_reply_count":0,"_bbp_voice_count":0,"_bbp_anonymous_reply_count":0,"_bbp_topic_count_hidden":0,"_bbp_reply_count_hidden":0,"_bbp_forum_subforum_count":0,"footnotes":""},"categories":[125,127,1],"tags":[314],"class_list":["post-9466","post","type-post","status-publish","format-standard","has-post-thumbnail","hentry","category-destacada","category-escoles-sostenibles","category-general","tag-treballs-de-recerca"],"post_mailing_queue_ids":[],"_links":{"self":[{"href":"https:\/\/agora.xtec.cat\/iesnarcismonturiol\/wp-json\/wp\/v2\/posts\/9466","targetHints":{"allow":["GET"]}}],"collection":[{"href":"https:\/\/agora.xtec.cat\/iesnarcismonturiol\/wp-json\/wp\/v2\/posts"}],"about":[{"href":"https:\/\/agora.xtec.cat\/iesnarcismonturiol\/wp-json\/wp\/v2\/types\/post"}],"author":[{"embeddable":true,"href":"https:\/\/agora.xtec.cat\/iesnarcismonturiol\/wp-json\/wp\/v2\/users\/5"}],"replies":[{"embeddable":true,"href":"https:\/\/agora.xtec.cat\/iesnarcismonturiol\/wp-json\/wp\/v2\/comments?post=9466"}],"version-history":[{"count":0,"href":"https:\/\/agora.xtec.cat\/iesnarcismonturiol\/wp-json\/wp\/v2\/posts\/9466\/revisions"}],"wp:featuredmedia":[{"embeddable":true,"href":"https:\/\/agora.xtec.cat\/iesnarcismonturiol\/wp-json\/wp\/v2\/media\/9467"}],"wp:attachment":[{"href":"https:\/\/agora.xtec.cat\/iesnarcismonturiol\/wp-json\/wp\/v2\/media?parent=9466"}],"wp:term":[{"taxonomy":"category","embeddable":true,"href":"https:\/\/agora.xtec.cat\/iesnarcismonturiol\/wp-json\/wp\/v2\/categories?post=9466"},{"taxonomy":"post_tag","embeddable":true,"href":"https:\/\/agora.xtec.cat\/iesnarcismonturiol\/wp-json\/wp\/v2\/tags?post=9466"}],"curies":[{"name":"wp","href":"https:\/\/api.w.org\/{rel}","templated":true}]}}