{"id":9459,"date":"2020-12-20T13:23:22","date_gmt":"2020-12-20T11:23:22","guid":{"rendered":"http:\/\/insmonturiol.cat\/?p=9459"},"modified":"2020-12-20T13:23:22","modified_gmt":"2020-12-20T11:23:22","slug":"nadal-sostenible","status":"publish","type":"post","link":"https:\/\/agora.xtec.cat\/iesnarcismonturiol\/general\/nadal-sostenible\/","title":{"rendered":"Nadal + Sostenible"},"content":{"rendered":"\n<p>Foto d&#8217;imatge extreta de: <\/p>\n\n\n\n<p><a href=\"https:\/\/ousis.uib.cat\/digitalAssets\/581\/thumbnail_350_350_581383_RECT_Captura.JPG\">https:\/\/ousis.uib.cat\/digitalAssets\/581\/thumbnail_350_350_581383_RECT_Captura.JPG<\/a><\/p>\n\n\n\n<p>Tot i que no en les condicions que a tots ens hagu\u00e9s agradat, per fi han arribat les vacances de Nadal!<\/p>\n\n\n\n<p>S\u00f3n moltes les coses que podem fer durant tots aquests dies, tantes que de ben segur que les vacances se\u2019ns faran massa curtes&#8230; En qualsevol cas, facis el que facis, recorda sempre que, a m\u00e9s de la crisi sanit\u00e0ria, vivim tamb\u00e9 una situaci\u00f3 d\u2019emerg\u00e8ncia clim\u00e0tica que far\u00edem b\u00e9 en no ignorar-la. \u00c9s per aix\u00f2 que volem compartir amb tu uns senzills consells que ha preparat Greenpeace i que trobar\u00e0s en aquest enlla\u00e7:<\/p>\n\n\n\n<p><a href=\"https:\/\/es.greenpeace.org\/es\/noticias\/tips-para-unas-navidades-sostenibles-el-mejor-regalo-para-el-planeta\/?utm_term=boton&amp;utm_campaign=Consumo&amp;utm_medium=email&amp;_hsmi=103808486&amp;_hsenc=p2ANqtz-_2L9skPgojRP8Rtlhnx9dTQHDJQppWGDVjBVBHrtksnMMs3MDtUrll3qZH3JZX12uGnmMK4Qdj88F-_KKHZYN6DBzm8A&amp;utm_content=NavidadSostenible&amp;utm_source=newsletter-leads#consejos\">https:\/\/es.greenpeace.org\/es\/noticias\/tips-para-unas-navidades-sostenibles-el-mejor-regalo-para-el-planeta\/?utm_term=boton&amp;utm_campaign=Consumo&amp;utm_medium=email&amp;_hsmi=103808486&amp;_hsenc=p2ANqtz-_2L9skPgojRP8Rtlhnx9dTQHDJQppWGDVjBVBHrtksnMMs3MDtUrll3qZH3JZX12uGnmMK4Qdj88F-_KKHZYN6DBzm8A&amp;utm_content=NavidadSostenible&amp;utm_source=newsletter-leads#consejos<\/a><\/p>\n\n\n\n<p>Des d\u2019Escoles verdes, us desitgem un molt bon nadal, i tant de bo que el 2021 ens porti a tots un any ple de salut i un m\u00f3n m\u00e9s just i sostenible!<\/p>\n","protected":false},"excerpt":{"rendered":"<p>Foto d&#8217;imatge extreta de: <\/p>\n<p><a href=\"https:\/\/ousis.uib.cat\/digitalAssets\/581\/thumbnail_350_350_581383_RECT_Captura.JPG\">https:\/\/ousis.uib.cat\/digitalAssets\/581\/thumbnail_350_350_581383_RECT_Captura.JPG<\/a><\/p>\n<p>Tot i que no en les condicions que a tots ens hagu\u00e9s agradat, per fi han arribat les vacances de Nadal!<\/p>\n<p>S\u00f3n moltes les coses que podem fer durant tots aquests dies, tantes que de ben segur que les vacances se\u2019ns&hellip;  <a href=\"https:\/\/agora.xtec.cat\/iesnarcismonturiol\/general\/nadal-sostenible\/\" title=\"Read Nadal + Sostenible\">Llegeix m\u00e9s\u00bb<\/a><\/p>\n","protected":false},"author":5,"featured_media":9460,"comment_status":"closed","ping_status":"closed","sticky":false,"template":"","format":"standard","meta":{"_bbp_topic_count":0,"_bbp_reply_count":0,"_bbp_total_topic_count":0,"_bbp_total_reply_count":0,"_bbp_voice_count":0,"_bbp_anonymous_reply_count":0,"_bbp_topic_count_hidden":0,"_bbp_reply_count_hidden":0,"_bbp_forum_subforum_count":0,"footnotes":""},"categories":[125,127,1],"tags":[210,266],"class_list":["post-9459","post","type-post","status-publish","format-standard","has-post-thumbnail","hentry","category-destacada","category-escoles-sostenibles","category-general","tag-escoles-verdes","tag-nadal"],"post_mailing_queue_ids":[],"_links":{"self":[{"href":"https:\/\/agora.xtec.cat\/iesnarcismonturiol\/wp-json\/wp\/v2\/posts\/9459","targetHints":{"allow":["GET"]}}],"collection":[{"href":"https:\/\/agora.xtec.cat\/iesnarcismonturiol\/wp-json\/wp\/v2\/posts"}],"about":[{"href":"https:\/\/agora.xtec.cat\/iesnarcismonturiol\/wp-json\/wp\/v2\/types\/post"}],"author":[{"embeddable":true,"href":"https:\/\/agora.xtec.cat\/iesnarcismonturiol\/wp-json\/wp\/v2\/users\/5"}],"replies":[{"embeddable":true,"href":"https:\/\/agora.xtec.cat\/iesnarcismonturiol\/wp-json\/wp\/v2\/comments?post=9459"}],"version-history":[{"count":0,"href":"https:\/\/agora.xtec.cat\/iesnarcismonturiol\/wp-json\/wp\/v2\/posts\/9459\/revisions"}],"wp:featuredmedia":[{"embeddable":true,"href":"https:\/\/agora.xtec.cat\/iesnarcismonturiol\/wp-json\/wp\/v2\/media\/9460"}],"wp:attachment":[{"href":"https:\/\/agora.xtec.cat\/iesnarcismonturiol\/wp-json\/wp\/v2\/media?parent=9459"}],"wp:term":[{"taxonomy":"category","embeddable":true,"href":"https:\/\/agora.xtec.cat\/iesnarcismonturiol\/wp-json\/wp\/v2\/categories?post=9459"},{"taxonomy":"post_tag","embeddable":true,"href":"https:\/\/agora.xtec.cat\/iesnarcismonturiol\/wp-json\/wp\/v2\/tags?post=9459"}],"curies":[{"name":"wp","href":"https:\/\/api.w.org\/{rel}","templated":true}]}}