{"id":9436,"date":"2020-12-22T00:55:16","date_gmt":"2020-12-21T22:55:16","guid":{"rendered":"http:\/\/insmonturiol.cat\/?p=9436"},"modified":"2020-12-22T00:55:16","modified_gmt":"2020-12-21T22:55:16","slug":"felicitacio-de-nadal","status":"publish","type":"post","link":"https:\/\/agora.xtec.cat\/iesnarcismonturiol\/general\/felicitacio-de-nadal\/","title":{"rendered":"Feli\u00e7 2021!"},"content":{"rendered":"\n<p class=\"has-text-align-center\" style=\"font-size:24px\"><span style=\"color:#1d38c2\" class=\"has-inline-color\"><strong>La comunitat educativa de l\u2019Institut Narc\u00eds Monturiol us desitgem,<br>MOLT BONES FESTES<br>I UNA MILLOR ENTRADA AL 2021<\/strong><\/span><\/p>\n\n\n\n<p><strong>Minimons per somriure de l&#8217;alumnat de 2n d&#8217;ESO:<\/strong><\/p>\n\n\n\n<p>L&#8217;alumnat de segon d&#8217;ESO hem creat en uns pots la representaci\u00f3 d&#8217;unes  accions amb&nbsp;la intenci\u00f3&nbsp;de dibuixar un somriure a qui les vegi. Ha estat molt divertit fer-ho i esperem que tothom somrigui aquestes festes.&nbsp;&nbsp;<\/p>\n\n\n\n<p><strong>Atmosferes de l&#8217;alumnat de 1r d&#8217;ESO:<\/strong><\/p>\n\n\n\n<p>Ten\u00edamos que escoger unas fotos del planeta que quisi\u00e9ramos. Yo escog\u00ed Neptuno, porqu\u00e9 me gusta m\u00e1s Poseid\u00f3n que Zeus ( J\u00fapiter en forma romana). Al principio no sab\u00edamos que lo colocar\u00edan pero tampoco me molesta ya que hay algunas&nbsp;atm\u00f3sferas muy chulas. Nos pusieron m\u00fasica mientras pint\u00e1bamaos. Me gusta la pintura. Estuvimos trabajando en las&nbsp;atm\u00f3sferas unos tres d\u00edas, pero \u00a1qu\u00e9 divertido!<br>Valeria Bentz 1r d&#8217;ESO&nbsp;<\/p>\n\n\n\n<p><br>Quan vam fer el dibuix em vaig sentir lliure, vaig pintar tot el qu\u00e8 em venia al cap i aix\u00f2 em va encantar.<br>Andrea Izquierdo 1r d&#8217;ESO<\/p>\n\n\n\n<figure class=\"wp-block-image size-large\"><img decoding=\"async\" src=\"http:\/\/insmonturiol.cat\/wp-content\/uploads\/2020\/12\/columna-1024x1024.jpg\" alt=\"\" class=\"wp-image-9438\"\/><figcaption><strong>Foto del hall de l\u2019institut realitzada per l\u2019alumnat de 1r i 2n d\u2019ESO<\/strong><\/figcaption><\/figure>\n","protected":false},"excerpt":{"rendered":"<p>La comunitat educativa de l\u2019Institut Narc\u00eds Monturiol us desitgem,MOLT BONES FESTESI UNA MILLOR ENTRADA AL 2021<\/p>\n<p>Minimons per somriure de l&#8217;alumnat de 2n d&#8217;ESO:<\/p>\n<p>L&#8217;alumnat de segon d&#8217;ESO hem creat en uns pots la representaci\u00f3 d&#8217;unes  accions amb&nbsp;la intenci\u00f3&nbsp;de dibuixar un somriure a qui les vegi.&hellip;  <a href=\"https:\/\/agora.xtec.cat\/iesnarcismonturiol\/general\/felicitacio-de-nadal\/\" title=\"Read Feli\u00e7 2021!\">Llegeix m\u00e9s\u00bb<\/a><\/p>\n","protected":false},"author":5,"featured_media":9446,"comment_status":"closed","ping_status":"closed","sticky":false,"template":"","format":"standard","meta":{"_bbp_topic_count":0,"_bbp_reply_count":0,"_bbp_total_topic_count":0,"_bbp_total_reply_count":0,"_bbp_voice_count":0,"_bbp_anonymous_reply_count":0,"_bbp_topic_count_hidden":0,"_bbp_reply_count_hidden":0,"_bbp_forum_subforum_count":0,"footnotes":""},"categories":[125,1],"tags":[],"class_list":["post-9436","post","type-post","status-publish","format-standard","has-post-thumbnail","hentry","category-destacada","category-general"],"post_mailing_queue_ids":[],"_links":{"self":[{"href":"https:\/\/agora.xtec.cat\/iesnarcismonturiol\/wp-json\/wp\/v2\/posts\/9436","targetHints":{"allow":["GET"]}}],"collection":[{"href":"https:\/\/agora.xtec.cat\/iesnarcismonturiol\/wp-json\/wp\/v2\/posts"}],"about":[{"href":"https:\/\/agora.xtec.cat\/iesnarcismonturiol\/wp-json\/wp\/v2\/types\/post"}],"author":[{"embeddable":true,"href":"https:\/\/agora.xtec.cat\/iesnarcismonturiol\/wp-json\/wp\/v2\/users\/5"}],"replies":[{"embeddable":true,"href":"https:\/\/agora.xtec.cat\/iesnarcismonturiol\/wp-json\/wp\/v2\/comments?post=9436"}],"version-history":[{"count":0,"href":"https:\/\/agora.xtec.cat\/iesnarcismonturiol\/wp-json\/wp\/v2\/posts\/9436\/revisions"}],"wp:featuredmedia":[{"embeddable":true,"href":"https:\/\/agora.xtec.cat\/iesnarcismonturiol\/wp-json\/wp\/v2\/media\/9446"}],"wp:attachment":[{"href":"https:\/\/agora.xtec.cat\/iesnarcismonturiol\/wp-json\/wp\/v2\/media?parent=9436"}],"wp:term":[{"taxonomy":"category","embeddable":true,"href":"https:\/\/agora.xtec.cat\/iesnarcismonturiol\/wp-json\/wp\/v2\/categories?post=9436"},{"taxonomy":"post_tag","embeddable":true,"href":"https:\/\/agora.xtec.cat\/iesnarcismonturiol\/wp-json\/wp\/v2\/tags?post=9436"}],"curies":[{"name":"wp","href":"https:\/\/api.w.org\/{rel}","templated":true}]}}