{"id":9424,"date":"2020-12-18T15:32:40","date_gmt":"2020-12-18T13:32:40","guid":{"rendered":"http:\/\/insmonturiol.cat\/?p=9424"},"modified":"2020-12-18T15:32:40","modified_gmt":"2020-12-18T13:32:40","slug":"intercanvi-dafs-amb-austria-i-el-monturiol","status":"publish","type":"post","link":"https:\/\/agora.xtec.cat\/iesnarcismonturiol\/destacada\/intercanvi-dafs-amb-austria-i-el-monturiol\/","title":{"rendered":"Intercanvi d&#8217;AFS amb \u00c0ustria i el Monturiol."},"content":{"rendered":"\n<p>El passat dissabte 12 de desembre va marxar l&#8217;Anna, una estudiant d&#8217;intercanvi austr\u00edaca d&#8217;AFS que ha estat convivint amb nosaltres al nostre institut durant tres mesos. Ella va arribar al setembre i es va incorporar a la nostra classe de 1r de Batxillerat cient\u00edfic\/tecnol\u00f2gic.<br>Per a la nostra classe ha sigut un honor poder tenir a l&#8217;Anna. \u00c9s una noia molt simp\u00e0tica i sociable.<br>Des del punt de vista de la classe, l&#8217;experi\u00e8ncia ha sigut excel\u00b7lent i meravellosa. Hem pogut aprendre moltes coses sobre \u00c0ustria i la manera i el funcionament d&#8217;un institut austr\u00edac. Tamb\u00e9 ens ha ensenyat les tradicions d&#8217;\u00c0ustria i com celebrem all\u00e0 Nadal. Ens va sorprendre molt quan va tocar el piano (que tenim a la nostra aula) i molts ens vam quedar meravellosos amb el talent que t\u00e9. Finalment, nom\u00e9s ens queda agrair a l&#8217;Anna per haver vingut al nostre institut (ella ja ho sap) per\u00f2 l&#8217;estimem molt i quan pugui ens ha prom\u00e8s que tornar\u00e0.<br>Ella \u00e9s la millor per explicar com va ser la seva experi\u00e8ncia:<\/p>\n\n\n\n<p><em>\u201cHola, mi nombre es Anna, tengo 17 a\u00f1os y soy de Austria. A principios de octubre vol\u00e9 a Barcelona para empezar mi intercambio. He vivido con mi familia de acogida en Gracia y he estado all\u00ed durante 10 semanas. Quiz\u00e1s solo me hab\u00e9is visto una o dos veces en el instituto. Este periodo de tiempo me un\u00ed a la clase 1o bach A, donde disfrut\u00e9 mucho. He tenido dificultades con el catal\u00e1n pero en algunas asignaturas he podido seguir las clase mas o menos.\u00a0 Estoy muy agradecida porque tuve la oportunidad de unirme al instituto Narc\u00eds Monturiol,\u00a0 los profesores fueron muy pacientes, y conoc\u00ed gente incre\u00edble que a d\u00eda de hoy las puedo considerar amigas. Tambi\u00e9n me encanto poder ver el mar cada d\u00eda que iba al instituto.<\/em><\/p>\n\n\n\n<p><em>La escuela en Espa\u00f1a es bastante diferente a la de Austria, pero ha sido interesante vivir en el<\/em> <em>entorno a la experiencia de esta rutina escolar.<\/em><\/p>\n\n\n\n<p><em>Como he estado viviendo en el centro, he tenido la posibilidad de conocer a ostros estudiantes de intercambio o simplemente pasear por las bonitas calles.<\/em><\/p>\n\n\n\n<p><em>Estos dos meses y medio los he pasado genial, he aprendido mucho sobre m\u00ed misma, la cultura espa\u00f1ola, como una vida puede ser completamente diferente dependiendo de donde est\u00e9s y de lo que te rodee . Fue una de mis mejores decisiones y nunca la olvidar\u00e9 \u201c<\/em><\/p>\n\n\n\n<p><strong>We love you so much! See you soon lovely friend \ud83d\ude42<\/strong><\/p>\n\n\n\n<figure class=\"wp-block-image size-large\"><img loading=\"lazy\" decoding=\"async\" width=\"591\" height=\"216\" src=\"https:\/\/agora.xtec.cat\/iesnarcismonturiol\/wp-content\/uploads\/usu2521\/2020\/12\/AFS2.png\" alt=\"\" class=\"wp-image-9426\" srcset=\"https:\/\/agora.xtec.cat\/iesnarcismonturiol\/wp-content\/uploads\/usu2521\/2020\/12\/AFS2.png 591w, https:\/\/agora.xtec.cat\/iesnarcismonturiol\/wp-content\/uploads\/usu2521\/2020\/12\/AFS2-300x110.png 300w\" sizes=\"auto, (max-width: 591px) 100vw, 591px\" \/><\/figure>\n","protected":false},"excerpt":{"rendered":"<p>El passat dissabte 12 de desembre va marxar l&#8217;Anna, una estudiant d&#8217;intercanvi austr\u00edaca d&#8217;AFS que ha estat convivint amb nosaltres al nostre institut durant tres mesos. Ella va arribar al setembre i es va incorporar a la nostra classe de 1r de Batxillerat cient\u00edfic\/tecnol\u00f2gic.Per a&hellip;  <a href=\"https:\/\/agora.xtec.cat\/iesnarcismonturiol\/destacada\/intercanvi-dafs-amb-austria-i-el-monturiol\/\" title=\"Read Intercanvi d&#8217;AFS amb \u00c0ustria i el Monturiol.\">Llegeix m\u00e9s\u00bb<\/a><\/p>\n","protected":false},"author":5,"featured_media":9425,"comment_status":"closed","ping_status":"closed","sticky":false,"template":"","format":"standard","meta":{"_bbp_topic_count":0,"_bbp_reply_count":0,"_bbp_total_topic_count":0,"_bbp_total_reply_count":0,"_bbp_voice_count":0,"_bbp_anonymous_reply_count":0,"_bbp_topic_count_hidden":0,"_bbp_reply_count_hidden":0,"_bbp_forum_subforum_count":0,"footnotes":""},"categories":[125,130],"tags":[145],"class_list":["post-9424","post","type-post","status-publish","format-standard","has-post-thumbnail","hentry","category-destacada","category-llegues-estrangeres","tag-afs"],"post_mailing_queue_ids":[],"_links":{"self":[{"href":"https:\/\/agora.xtec.cat\/iesnarcismonturiol\/wp-json\/wp\/v2\/posts\/9424","targetHints":{"allow":["GET"]}}],"collection":[{"href":"https:\/\/agora.xtec.cat\/iesnarcismonturiol\/wp-json\/wp\/v2\/posts"}],"about":[{"href":"https:\/\/agora.xtec.cat\/iesnarcismonturiol\/wp-json\/wp\/v2\/types\/post"}],"author":[{"embeddable":true,"href":"https:\/\/agora.xtec.cat\/iesnarcismonturiol\/wp-json\/wp\/v2\/users\/5"}],"replies":[{"embeddable":true,"href":"https:\/\/agora.xtec.cat\/iesnarcismonturiol\/wp-json\/wp\/v2\/comments?post=9424"}],"version-history":[{"count":0,"href":"https:\/\/agora.xtec.cat\/iesnarcismonturiol\/wp-json\/wp\/v2\/posts\/9424\/revisions"}],"wp:featuredmedia":[{"embeddable":true,"href":"https:\/\/agora.xtec.cat\/iesnarcismonturiol\/wp-json\/wp\/v2\/media\/9425"}],"wp:attachment":[{"href":"https:\/\/agora.xtec.cat\/iesnarcismonturiol\/wp-json\/wp\/v2\/media?parent=9424"}],"wp:term":[{"taxonomy":"category","embeddable":true,"href":"https:\/\/agora.xtec.cat\/iesnarcismonturiol\/wp-json\/wp\/v2\/categories?post=9424"},{"taxonomy":"post_tag","embeddable":true,"href":"https:\/\/agora.xtec.cat\/iesnarcismonturiol\/wp-json\/wp\/v2\/tags?post=9424"}],"curies":[{"name":"wp","href":"https:\/\/api.w.org\/{rel}","templated":true}]}}