{"id":9405,"date":"2020-12-14T16:03:42","date_gmt":"2020-12-14T14:03:42","guid":{"rendered":"http:\/\/insmonturiol.cat\/?p=9405"},"modified":"2020-12-14T16:03:42","modified_gmt":"2020-12-14T14:03:42","slug":"1a-reunio-de-delegats-verds-al-monturiol","status":"publish","type":"post","link":"https:\/\/agora.xtec.cat\/iesnarcismonturiol\/general\/1a-reunio-de-delegats-verds-al-monturiol\/","title":{"rendered":"1a Reuni\u00f3 de Delegats Verds al Monturiol."},"content":{"rendered":"\n<p>Dijous 3 de desembre ens vam reunir els Delegats verds de 1r i 2n de l\u2019ESO. Va ser una reuni\u00f3 molt profitosa!<\/p>\n\n\n\n<p><br>Despr\u00e9s de presentar-nos, vam repassar totes les accions i les campanyes que s\u2019estan duent a terme al Montu des de ja fa anys, com ara la pres\u00e8ncia a totes les aules d\u2019una safata amb paper per reutilitzar, els dossiers de pl\u00e0stic que es poden reaprofitar per presentar treballs a la sala de professors, la safata per recollir material escolar gastat o trencat (bolis, estisores,  retoladors, piles\u2026) a Consergeria, els contenidors de colors diferents per separar els residus (paper, pl\u00e0stic) als passadissos, el contenidor especial<br>per recollir taps de pl\u00e0stic amb finalitat solid\u00e0ria i, per \u00faltim, la campanya per substituir els embolcalls de paper d\u2019alumini per d\u2019altres reutilitzables.<br><\/p>\n\n\n\n<p>A continuaci\u00f3, vam recollir en un full diferents propostes d\u2019accions per a la<br>sostenibilitat amb la idea de fer una enquesta a les classes per veure de conscienciar i animar tothom a realitzar petits gestos encaminats a no malmetre el planeta. D\u2019altra banda, els Delegats verds vam acordar fixar un calendari per donar menjar als peixos de l\u2019aquari que hi ha al laboratori de Ci\u00e8ncies, organitzar un taller per aprendre a fer un \u201cBoc and roll\u201d i ajudar a regar l\u2019hort.<\/p>\n\n\n\n<p><br>Per \u00faltim, vam anar a veure els tres espais habilitats com a horts, aix\u00ed com la compostadora, on vam repassar els tipus de residus que s\u2019hi poden llen\u00e7ar.<\/p>\n\n\n\n<p>Delegats verds de 1r i 2n<\/p>\n","protected":false},"excerpt":{"rendered":"<p>Dijous 3 de desembre ens vam reunir els Delegats verds de 1r i 2n de l\u2019ESO. Va ser una reuni\u00f3 molt profitosa!<\/p>\n<p>Despr\u00e9s de presentar-nos, vam repassar totes les accions i les campanyes que s\u2019estan duent a terme al Montu des de ja fa anys, com&hellip;  <a href=\"https:\/\/agora.xtec.cat\/iesnarcismonturiol\/general\/1a-reunio-de-delegats-verds-al-monturiol\/\" title=\"Read 1a Reuni\u00f3 de Delegats Verds al Monturiol.\">Llegeix m\u00e9s\u00bb<\/a><\/p>\n","protected":false},"author":5,"featured_media":9411,"comment_status":"closed","ping_status":"closed","sticky":false,"template":"","format":"standard","meta":{"_bbp_topic_count":0,"_bbp_reply_count":0,"_bbp_total_topic_count":0,"_bbp_total_reply_count":0,"_bbp_voice_count":0,"_bbp_anonymous_reply_count":0,"_bbp_topic_count_hidden":0,"_bbp_reply_count_hidden":0,"_bbp_forum_subforum_count":0,"footnotes":""},"categories":[125,127,1],"tags":[192,210],"class_list":["post-9405","post","type-post","status-publish","format-standard","has-post-thumbnail","hentry","category-destacada","category-escoles-sostenibles","category-general","tag-delegats-verds","tag-escoles-verdes"],"post_mailing_queue_ids":[],"_links":{"self":[{"href":"https:\/\/agora.xtec.cat\/iesnarcismonturiol\/wp-json\/wp\/v2\/posts\/9405","targetHints":{"allow":["GET"]}}],"collection":[{"href":"https:\/\/agora.xtec.cat\/iesnarcismonturiol\/wp-json\/wp\/v2\/posts"}],"about":[{"href":"https:\/\/agora.xtec.cat\/iesnarcismonturiol\/wp-json\/wp\/v2\/types\/post"}],"author":[{"embeddable":true,"href":"https:\/\/agora.xtec.cat\/iesnarcismonturiol\/wp-json\/wp\/v2\/users\/5"}],"replies":[{"embeddable":true,"href":"https:\/\/agora.xtec.cat\/iesnarcismonturiol\/wp-json\/wp\/v2\/comments?post=9405"}],"version-history":[{"count":0,"href":"https:\/\/agora.xtec.cat\/iesnarcismonturiol\/wp-json\/wp\/v2\/posts\/9405\/revisions"}],"wp:featuredmedia":[{"embeddable":true,"href":"https:\/\/agora.xtec.cat\/iesnarcismonturiol\/wp-json\/wp\/v2\/media\/9411"}],"wp:attachment":[{"href":"https:\/\/agora.xtec.cat\/iesnarcismonturiol\/wp-json\/wp\/v2\/media?parent=9405"}],"wp:term":[{"taxonomy":"category","embeddable":true,"href":"https:\/\/agora.xtec.cat\/iesnarcismonturiol\/wp-json\/wp\/v2\/categories?post=9405"},{"taxonomy":"post_tag","embeddable":true,"href":"https:\/\/agora.xtec.cat\/iesnarcismonturiol\/wp-json\/wp\/v2\/tags?post=9405"}],"curies":[{"name":"wp","href":"https:\/\/api.w.org\/{rel}","templated":true}]}}