{"id":9401,"date":"2020-12-14T15:56:49","date_gmt":"2020-12-14T13:56:49","guid":{"rendered":"http:\/\/insmonturiol.cat\/?p=9401"},"modified":"2020-12-14T15:56:49","modified_gmt":"2020-12-14T13:56:49","slug":"el-montu-contra-la-violencia-masclista","status":"publish","type":"post","link":"https:\/\/agora.xtec.cat\/iesnarcismonturiol\/castella\/el-montu-contra-la-violencia-masclista\/","title":{"rendered":"El Montu contra la viol\u00e8ncia masclista"},"content":{"rendered":"\n<p><strong><em>El orden de las cosas<\/em><\/strong><\/p>\n\n\n\n<p><em>(Texto argumentativo a partir del cortometraje <\/em>El orden de las cosas<em>, proyectado en clase de Castellano con motivo del D\u00eda internacional de la eliminaci\u00f3n de la violencia contra la mujer.)<\/em><\/p>\n\n\n\n<p>La violencia de g\u00e9nero es una de las manifestaciones m\u00e1s claras de la desigualdad existente en nuestra sociedad. Se podr\u00eda decir que es como una lluvia de prejuicios y opiniones destructivas que te dicen c\u00f3mo tienes que comportarte para convertirte en ese tipo de persona que \u201cdebes\u201d ser.<\/p>\n\n\n\n<p>Hay muchos tipos de violencia, desde la verbal hasta la f\u00edsica. Afortunadamente, hoy en d\u00eda, cada vez son m\u00e1s las personas que se atreven a denunciar a sus agresores mostrando sus cicatrices f\u00edsicas, y eso me parece muy bien. Pero \u00bfqu\u00e9 pasa con las cicatrices psicol\u00f3gicas? Esas cicatrices que se quedan en la mente y que hacen que dejes de comer, o de salir de fiesta, esas cicatrices que te impiden ponerte esa prenda de ropa que tanto te gustaba, esas que te ponen barreras a la hora de volver a confiar en alguien\u2026 Todas esas cicatrices no se denuncian porque no se ven a simple vista, porque vivimos en una sociedad con tantos prejuicios que critica simplemente viendo el exterior de esa persona sin importarle lo que lleve dentro.<\/p>\n\n\n\n<p>La gente, al ver a una pareja cogida de la mano, no se para a pensar sobre c\u00f3mo ser\u00e1n en casa el uno con el otro, sino que se fija en c\u00f3mo lucen los ojos los dos juntos. No estamos acostumbrados a ver m\u00e1s all\u00e1 de nosotros mismos, y eso, en muchas ocasiones, es la ra\u00edz del problema, porque el agresor no ve el da\u00f1o que le causa a su pareja ni el trauma que le deja tanto a ella como a sus hijos: \u00e9l solo es capaz de ver el \u201cesfuerzo\u201d que est\u00e1 haciendo para que su pareja sea \u201cmejor\u201d.<\/p>\n\n\n\n<p>Tambi\u00e9n hay veces en las que la v\u00edctima ha intentado pedir ayuda de la \u00fanica manera que sabe, con una mirada muy silenciosa, pero eso tampoco lo sabemos percibir ni entender, porque estamos tan centrados en ser ese tipo de persona que encaja en la sociedad, que nos olvidamos de aquellos que est\u00e1n sufriendo por serlo.<\/p>\n\n\n\n<p>A lo que me refiero con todo esto es que la sociedad necesita sacarse esa venda que lleva en los ojos de una vez por todas y darse cuenta de que no todo es tan bonito como aparenta ser, aprender a pensar un poco m\u00e1s en los dem\u00e1s para ayudar a aquellos que se est\u00e1n ahogando en mares de silencio y saber decir que no sin miedo.<\/p>\n\n\n\n<p><strong><em>Irene Ares, 2\u00ba de Bachillerato B<\/em><\/strong><\/p>\n","protected":false},"excerpt":{"rendered":"<p>El orden de las cosas<\/p>\n<p>(Texto argumentativo a partir del cortometraje El orden de las cosas, proyectado en clase de Castellano con motivo del D\u00eda internacional de la eliminaci\u00f3n de la violencia contra la mujer.)<\/p>\n<p>La violencia de g\u00e9nero es una de las manifestaciones m\u00e1s claras de&hellip;  <a href=\"https:\/\/agora.xtec.cat\/iesnarcismonturiol\/castella\/el-montu-contra-la-violencia-masclista\/\" title=\"Read El Montu contra la viol\u00e8ncia masclista\">Llegeix m\u00e9s\u00bb<\/a><\/p>\n","protected":false},"author":5,"featured_media":9412,"comment_status":"closed","ping_status":"closed","sticky":false,"template":"","format":"standard","meta":{"_bbp_topic_count":0,"_bbp_reply_count":0,"_bbp_total_topic_count":0,"_bbp_total_reply_count":0,"_bbp_voice_count":0,"_bbp_anonymous_reply_count":0,"_bbp_topic_count_hidden":0,"_bbp_reply_count_hidden":0,"_bbp_forum_subforum_count":0,"footnotes":""},"categories":[120,125],"tags":[187],"class_list":["post-9401","post","type-post","status-publish","format-standard","has-post-thumbnail","hentry","category-castella","category-destacada","tag-contra-violencia-masclista"],"post_mailing_queue_ids":[],"_links":{"self":[{"href":"https:\/\/agora.xtec.cat\/iesnarcismonturiol\/wp-json\/wp\/v2\/posts\/9401","targetHints":{"allow":["GET"]}}],"collection":[{"href":"https:\/\/agora.xtec.cat\/iesnarcismonturiol\/wp-json\/wp\/v2\/posts"}],"about":[{"href":"https:\/\/agora.xtec.cat\/iesnarcismonturiol\/wp-json\/wp\/v2\/types\/post"}],"author":[{"embeddable":true,"href":"https:\/\/agora.xtec.cat\/iesnarcismonturiol\/wp-json\/wp\/v2\/users\/5"}],"replies":[{"embeddable":true,"href":"https:\/\/agora.xtec.cat\/iesnarcismonturiol\/wp-json\/wp\/v2\/comments?post=9401"}],"version-history":[{"count":0,"href":"https:\/\/agora.xtec.cat\/iesnarcismonturiol\/wp-json\/wp\/v2\/posts\/9401\/revisions"}],"wp:featuredmedia":[{"embeddable":true,"href":"https:\/\/agora.xtec.cat\/iesnarcismonturiol\/wp-json\/wp\/v2\/media\/9412"}],"wp:attachment":[{"href":"https:\/\/agora.xtec.cat\/iesnarcismonturiol\/wp-json\/wp\/v2\/media?parent=9401"}],"wp:term":[{"taxonomy":"category","embeddable":true,"href":"https:\/\/agora.xtec.cat\/iesnarcismonturiol\/wp-json\/wp\/v2\/categories?post=9401"},{"taxonomy":"post_tag","embeddable":true,"href":"https:\/\/agora.xtec.cat\/iesnarcismonturiol\/wp-json\/wp\/v2\/tags?post=9401"}],"curies":[{"name":"wp","href":"https:\/\/api.w.org\/{rel}","templated":true}]}}