{"id":9397,"date":"2020-12-07T14:06:38","date_gmt":"2020-12-07T12:06:38","guid":{"rendered":"http:\/\/insmonturiol.cat\/?p=9397"},"modified":"2020-12-07T14:06:38","modified_gmt":"2020-12-07T12:06:38","slug":"el-montu-sobre-al-barri","status":"publish","type":"post","link":"https:\/\/agora.xtec.cat\/iesnarcismonturiol\/destacada\/el-montu-sobre-al-barri\/","title":{"rendered":"El Montu s\u2019obre al barri"},"content":{"rendered":"\n<p>Arran de la situaci\u00f3 tan particular que estem vivint degut a la pand\u00e8mia, tots ens hem hagut de reinventar en el nostre dia a dia. I a l\u2019institut, com no podia ser d\u2019una altra manera, tamb\u00e9: entrades i sortides esglaonades, mascareta, rentat de mans, dist\u00e0ncia de seguretat&#8230; i patis fora del centre!<\/p>\n\n\n\n<p>En efecte, gr\u00e0cies a les noves disposicions adoptades per part de l\u2019Ajuntament, aquest curs els alumnes de 1r i 4t d\u2019ESO tenen la mitja hora d\u2019esbarjo fora del centre. En concret, els de 1r al parc que hi ha just davant de la porta d\u2019entrada, i els de 4t a l\u2019esplanada al costat de la parr\u00f2quia. Aquesta mesura t\u00e9 com a finalitat garantir les dist\u00e0ncies de seguretat dels diferents grups estables en un espai de temps (l\u2019esbarjo) on coincideixen tots els nivells del centre, una dist\u00e0ncia que dif\u00edcilment es podria garantir en condicions segures als patis pr\u00f2piament dits.<\/p>\n\n\n\n<p>El fet de poder sortir del centre ha estat molt ben valorat per part dels alumnes, els quals reconeixen que disposen de m\u00e9s espai per jugar i desconnectar, alhora que els permet gaudir d\u2019un contacte m\u00e9s directe amb la natura, allunyats del soroll i la contaminaci\u00f3 de la Ronda! En definitiva, disposen d\u2019un temps d\u2019esbarjo de m\u00e9s qualitat. Almenys, una cosa bona que ens ha portat la covid&#8230;<\/p>\n\n\n\n<p>Jordi Gonz\u00e1lez coordinador d&#8217;Escoles + Sostenibles<\/p>\n","protected":false},"excerpt":{"rendered":"<p>Arran de la situaci\u00f3 tan particular que estem vivint degut a la pand\u00e8mia, tots ens hem hagut de reinventar en el nostre dia a dia. I a l\u2019institut, com no podia ser d\u2019una altra manera, tamb\u00e9: entrades i sortides esglaonades, mascareta, rentat de mans, dist\u00e0ncia&hellip;  <a href=\"https:\/\/agora.xtec.cat\/iesnarcismonturiol\/destacada\/el-montu-sobre-al-barri\/\" title=\"Read El Montu s\u2019obre al barri\">Llegeix m\u00e9s\u00bb<\/a><\/p>\n","protected":false},"author":5,"featured_media":9398,"comment_status":"closed","ping_status":"closed","sticky":false,"template":"","format":"standard","meta":{"_bbp_topic_count":0,"_bbp_reply_count":0,"_bbp_total_topic_count":0,"_bbp_total_reply_count":0,"_bbp_voice_count":0,"_bbp_anonymous_reply_count":0,"_bbp_topic_count_hidden":0,"_bbp_reply_count_hidden":0,"_bbp_forum_subforum_count":0,"footnotes":""},"categories":[125,127],"tags":[277],"class_list":["post-9397","post","type-post","status-publish","format-standard","has-post-thumbnail","hentry","category-destacada","category-escoles-sostenibles","tag-pati"],"post_mailing_queue_ids":[],"_links":{"self":[{"href":"https:\/\/agora.xtec.cat\/iesnarcismonturiol\/wp-json\/wp\/v2\/posts\/9397","targetHints":{"allow":["GET"]}}],"collection":[{"href":"https:\/\/agora.xtec.cat\/iesnarcismonturiol\/wp-json\/wp\/v2\/posts"}],"about":[{"href":"https:\/\/agora.xtec.cat\/iesnarcismonturiol\/wp-json\/wp\/v2\/types\/post"}],"author":[{"embeddable":true,"href":"https:\/\/agora.xtec.cat\/iesnarcismonturiol\/wp-json\/wp\/v2\/users\/5"}],"replies":[{"embeddable":true,"href":"https:\/\/agora.xtec.cat\/iesnarcismonturiol\/wp-json\/wp\/v2\/comments?post=9397"}],"version-history":[{"count":0,"href":"https:\/\/agora.xtec.cat\/iesnarcismonturiol\/wp-json\/wp\/v2\/posts\/9397\/revisions"}],"wp:featuredmedia":[{"embeddable":true,"href":"https:\/\/agora.xtec.cat\/iesnarcismonturiol\/wp-json\/wp\/v2\/media\/9398"}],"wp:attachment":[{"href":"https:\/\/agora.xtec.cat\/iesnarcismonturiol\/wp-json\/wp\/v2\/media?parent=9397"}],"wp:term":[{"taxonomy":"category","embeddable":true,"href":"https:\/\/agora.xtec.cat\/iesnarcismonturiol\/wp-json\/wp\/v2\/categories?post=9397"},{"taxonomy":"post_tag","embeddable":true,"href":"https:\/\/agora.xtec.cat\/iesnarcismonturiol\/wp-json\/wp\/v2\/tags?post=9397"}],"curies":[{"name":"wp","href":"https:\/\/api.w.org\/{rel}","templated":true}]}}