{"id":9358,"date":"2020-11-16T18:34:14","date_gmt":"2020-11-16T16:34:14","guid":{"rendered":"http:\/\/insmonturiol.cat\/?p=9358"},"modified":"2020-11-16T18:34:14","modified_gmt":"2020-11-16T16:34:14","slug":"setmana-de-la-ciencia","status":"publish","type":"post","link":"https:\/\/agora.xtec.cat\/iesnarcismonturiol\/ciencies-naturals\/setmana-de-la-ciencia\/","title":{"rendered":"Setmana de la Ci\u00e8ncia."},"content":{"rendered":"\n<p>Del 14 al 29 de novembre es commemora la 25a setmana de la ci\u00e8ncia, aquest any entre d&#8217;altres temes cient\u00edfics sobretot est\u00e0 present el tema del Coronavirus. Hem fet a l&#8217;institut un concurs de cartells cient\u00edfics de 1r d&#8217;ESO a 1r de Batxillerat des de les diferents assignatures de ci\u00e8ncia i  tecnologia.\u00a0Hem d&#8217;agrair a tot l&#8217;alumnat la seva participaci\u00f3 i felicitem especialment a les guanyadores i guanyadors, finalistes i tots aquells que heu indagat sobre els diversos temes cient\u00edfics i col\u00b7laboreu aix\u00ed en la divulgaci\u00f3 de la ci\u00e8ncia. Hem de fer especial esment a aquells cartells que han incl\u00f2s les dones cient\u00edfiques per visibilitzar el seu paper en aquesta branca del saber a tothom. Gr\u00e0cies i bona setmana cient\u00edfica!<\/p>\n\n\n\n<p><br>Departament cient\u00edfic-tecnol\u00f2gic de l&#8217;Ins. Narc\u00eds Monturiol.<\/p>\n\n\n\n<figure class=\"wp-block-image size-large\"><img decoding=\"async\" src=\"http:\/\/insmonturiol.cat\/wp-content\/uploads\/2020\/11\/IMG_20201113_113427-768x1024.jpg\" alt=\"\" class=\"wp-image-9360\"\/><\/figure>\n\n\n\n<figure class=\"wp-block-image size-large\"><img decoding=\"async\" src=\"http:\/\/insmonturiol.cat\/wp-content\/uploads\/2020\/11\/IMG_20201113_113432-768x1024.jpg\" alt=\"\" class=\"wp-image-9362\"\/><\/figure>\n","protected":false},"excerpt":{"rendered":"<p>Del 14 al 29 de novembre es commemora la 25a setmana de la ci\u00e8ncia, aquest any entre d&#8217;altres temes cient\u00edfics sobretot est\u00e0 present el tema del Coronavirus. Hem fet a l&#8217;institut un concurs de cartells cient\u00edfics de 1r d&#8217;ESO a 1r de Batxillerat des de&hellip;  <a href=\"https:\/\/agora.xtec.cat\/iesnarcismonturiol\/ciencies-naturals\/setmana-de-la-ciencia\/\" title=\"Read Setmana de la Ci\u00e8ncia.\">Llegeix m\u00e9s\u00bb<\/a><\/p>\n","protected":false},"author":5,"featured_media":9359,"comment_status":"closed","ping_status":"closed","sticky":false,"template":"","format":"standard","meta":{"_bbp_topic_count":0,"_bbp_reply_count":0,"_bbp_total_topic_count":0,"_bbp_total_reply_count":0,"_bbp_voice_count":0,"_bbp_anonymous_reply_count":0,"_bbp_topic_count_hidden":0,"_bbp_reply_count_hidden":0,"_bbp_forum_subforum_count":0,"footnotes":""},"categories":[122,125,135],"tags":[302],"class_list":["post-9358","post","type-post","status-publish","format-standard","has-post-thumbnail","hentry","category-ciencies-naturals","category-destacada","category-tecnologia","tag-setmana-ciencia"],"post_mailing_queue_ids":[],"_links":{"self":[{"href":"https:\/\/agora.xtec.cat\/iesnarcismonturiol\/wp-json\/wp\/v2\/posts\/9358","targetHints":{"allow":["GET"]}}],"collection":[{"href":"https:\/\/agora.xtec.cat\/iesnarcismonturiol\/wp-json\/wp\/v2\/posts"}],"about":[{"href":"https:\/\/agora.xtec.cat\/iesnarcismonturiol\/wp-json\/wp\/v2\/types\/post"}],"author":[{"embeddable":true,"href":"https:\/\/agora.xtec.cat\/iesnarcismonturiol\/wp-json\/wp\/v2\/users\/5"}],"replies":[{"embeddable":true,"href":"https:\/\/agora.xtec.cat\/iesnarcismonturiol\/wp-json\/wp\/v2\/comments?post=9358"}],"version-history":[{"count":0,"href":"https:\/\/agora.xtec.cat\/iesnarcismonturiol\/wp-json\/wp\/v2\/posts\/9358\/revisions"}],"wp:featuredmedia":[{"embeddable":true,"href":"https:\/\/agora.xtec.cat\/iesnarcismonturiol\/wp-json\/wp\/v2\/media\/9359"}],"wp:attachment":[{"href":"https:\/\/agora.xtec.cat\/iesnarcismonturiol\/wp-json\/wp\/v2\/media?parent=9358"}],"wp:term":[{"taxonomy":"category","embeddable":true,"href":"https:\/\/agora.xtec.cat\/iesnarcismonturiol\/wp-json\/wp\/v2\/categories?post=9358"},{"taxonomy":"post_tag","embeddable":true,"href":"https:\/\/agora.xtec.cat\/iesnarcismonturiol\/wp-json\/wp\/v2\/tags?post=9358"}],"curies":[{"name":"wp","href":"https:\/\/api.w.org\/{rel}","templated":true}]}}