{"id":9350,"date":"2020-11-09T21:18:21","date_gmt":"2020-11-09T19:18:21","guid":{"rendered":"http:\/\/insmonturiol.cat\/?p=9350"},"modified":"2020-11-09T21:18:21","modified_gmt":"2020-11-09T19:18:21","slug":"compostadora","status":"publish","type":"post","link":"https:\/\/agora.xtec.cat\/iesnarcismonturiol\/general\/compostadora\/","title":{"rendered":"COMPOSTADORA"},"content":{"rendered":"\n<div class=\"wp-block-media-text alignwide has-media-on-the-right is-stacked-on-mobile is-vertically-aligned-top\"><figure class=\"wp-block-media-text__media\"><img loading=\"lazy\" decoding=\"async\" width=\"274\" height=\"365\" src=\"https:\/\/agora.xtec.cat\/iesnarcismonturiol\/wp-content\/uploads\/usu2521\/2020\/11\/compostadora-2.png\" alt=\"\" class=\"wp-image-9356\" srcset=\"https:\/\/agora.xtec.cat\/iesnarcismonturiol\/wp-content\/uploads\/usu2521\/2020\/11\/compostadora-2.png 274w, https:\/\/agora.xtec.cat\/iesnarcismonturiol\/wp-content\/uploads\/usu2521\/2020\/11\/compostadora-2-225x300.png 225w\" sizes=\"auto, (max-width: 274px) 100vw, 274px\" \/><\/figure><div class=\"wp-block-media-text__content\">\n<p class=\"has-text-align-left\">Una compostadora \u00e9s un sistema desenvolupat per reciclar, amb l&#8217;ajuda de cucs i restes vegetals de cuina en espais redu\u00efts. El compost, que \u00e9s el que es fabrica dins la compostadora, \u00e9s el proc\u00e9s de la descomposici\u00f3 de les deixalles org\u00e0niques en el qual la mat\u00e8ria vegetal i animal es transformen en adob. Per si mai no havies sentit parlar del material org\u00e0nic, \u00e9s tot aquell material que es podreix, com la fullaraca, les deixalles de menjar, els fems, les plomes, l\u2019herba o pastura, etc.<\/p>\n<\/div><\/div>\n\n\n\n<div class=\"wp-block-image\"><figure class=\"aligncenter size-large\"><img loading=\"lazy\" decoding=\"async\" width=\"386\" height=\"200\" src=\"https:\/\/agora.xtec.cat\/iesnarcismonturiol\/wp-content\/uploads\/usu2521\/2020\/11\/compostadora-1.png\" alt=\"\" class=\"wp-image-9355\" srcset=\"https:\/\/agora.xtec.cat\/iesnarcismonturiol\/wp-content\/uploads\/usu2521\/2020\/11\/compostadora-1.png 386w, https:\/\/agora.xtec.cat\/iesnarcismonturiol\/wp-content\/uploads\/usu2521\/2020\/11\/compostadora-1-300x155.png 300w\" sizes=\"auto, (max-width: 386px) 100vw, 386px\" \/><\/figure><\/div>\n\n\n\n<p id=\"block-d79028d4-1a96-42b2-aabd-40b644c09959\">A l&#8217;institut Narc\u00eds Monturiol tenim una compostadora, en la qual estem fent<br>compost per poder plantar hortalisses a l\u2019hort del centre.<\/p>\n\n\n\n<p id=\"block-35b03b68-c125-42d6-9504-3e7ac4a37ab1\">Aina Almansa, Mar Capdevila, Lucas P\u00e9rez, Iker Rueda (1rESO A)<\/p>\n","protected":false},"excerpt":{"rendered":"<p>Una compostadora \u00e9s un sistema desenvolupat per reciclar, amb l&#8217;ajuda de cucs i restes vegetals de cuina en espais redu\u00efts. El compost, que \u00e9s el que es fabrica dins la compostadora, \u00e9s el proc\u00e9s de la descomposici\u00f3 de les deixalles org\u00e0niques en el qual la&hellip;  <a href=\"https:\/\/agora.xtec.cat\/iesnarcismonturiol\/general\/compostadora\/\" title=\"Read COMPOSTADORA\">Llegeix m\u00e9s\u00bb<\/a><\/p>\n","protected":false},"author":5,"featured_media":9352,"comment_status":"closed","ping_status":"closed","sticky":false,"template":"","format":"standard","meta":{"_bbp_topic_count":0,"_bbp_reply_count":0,"_bbp_total_topic_count":0,"_bbp_total_reply_count":0,"_bbp_voice_count":0,"_bbp_anonymous_reply_count":0,"_bbp_topic_count_hidden":0,"_bbp_reply_count_hidden":0,"_bbp_forum_subforum_count":0,"footnotes":""},"categories":[122,125,127,1],"tags":[184],"class_list":["post-9350","post","type-post","status-publish","format-standard","has-post-thumbnail","hentry","category-ciencies-naturals","category-destacada","category-escoles-sostenibles","category-general","tag-compostadora"],"post_mailing_queue_ids":[],"_links":{"self":[{"href":"https:\/\/agora.xtec.cat\/iesnarcismonturiol\/wp-json\/wp\/v2\/posts\/9350","targetHints":{"allow":["GET"]}}],"collection":[{"href":"https:\/\/agora.xtec.cat\/iesnarcismonturiol\/wp-json\/wp\/v2\/posts"}],"about":[{"href":"https:\/\/agora.xtec.cat\/iesnarcismonturiol\/wp-json\/wp\/v2\/types\/post"}],"author":[{"embeddable":true,"href":"https:\/\/agora.xtec.cat\/iesnarcismonturiol\/wp-json\/wp\/v2\/users\/5"}],"replies":[{"embeddable":true,"href":"https:\/\/agora.xtec.cat\/iesnarcismonturiol\/wp-json\/wp\/v2\/comments?post=9350"}],"version-history":[{"count":0,"href":"https:\/\/agora.xtec.cat\/iesnarcismonturiol\/wp-json\/wp\/v2\/posts\/9350\/revisions"}],"wp:featuredmedia":[{"embeddable":true,"href":"https:\/\/agora.xtec.cat\/iesnarcismonturiol\/wp-json\/wp\/v2\/media\/9352"}],"wp:attachment":[{"href":"https:\/\/agora.xtec.cat\/iesnarcismonturiol\/wp-json\/wp\/v2\/media?parent=9350"}],"wp:term":[{"taxonomy":"category","embeddable":true,"href":"https:\/\/agora.xtec.cat\/iesnarcismonturiol\/wp-json\/wp\/v2\/categories?post=9350"},{"taxonomy":"post_tag","embeddable":true,"href":"https:\/\/agora.xtec.cat\/iesnarcismonturiol\/wp-json\/wp\/v2\/tags?post=9350"}],"curies":[{"name":"wp","href":"https:\/\/api.w.org\/{rel}","templated":true}]}}