{"id":9329,"date":"2020-10-27T00:12:58","date_gmt":"2020-10-26T22:12:58","guid":{"rendered":"http:\/\/insmonturiol.cat\/?p=9329"},"modified":"2020-10-27T00:12:58","modified_gmt":"2020-10-26T22:12:58","slug":"9329-2","status":"publish","type":"post","link":"https:\/\/agora.xtec.cat\/iesnarcismonturiol\/destacada\/9329-2\/","title":{"rendered":"Visita a l\u2019exposici\u00f3 \u201cPRINT3D. Reimprimir la realitat\u201d al CosmoCaixa"},"content":{"rendered":"\n<p>Dijous 22 d\u2019octubre els alumnes de 4tC vam anar a visitar l\u2019exposici\u00f3 \u201cPrint3D. Reimprimir la realitat\u201d al CosmoCaixa, activitat que forma part de l\u2019optativa de Tecnologia aplicada.<\/p>\n\n\n\n<p>Durant la interessant\u00edssima visita que ens va fer un guia del museu, vam tenir oportunitat de veure de primera m\u00e0 les enormes possibilitats que ens ofereix la tecnologia de la impressi\u00f3 en 3D, des de la medicina a l\u2019arquitectura, passant per la moda, la ind\u00fastria aeroespacial o simplement com a eina de creaci\u00f3 art\u00edstica, per posar uns quants exemples.<\/p>\n\n\n\n<p>En aquest sentit, i amb independ\u00e8ncia de l\u2019\u00e0mbit d\u2019aplicaci\u00f3 pr\u00e0ctica, \u00e9s indubtable que la impressi\u00f3 3D constitueix una formidable eina a l\u2019hora de consolidar un nou paradigma del sistema productiu molt m\u00e9s respectu\u00f3s amb el medi ambient. I \u00e9s que, des del moment en qu\u00e8 qualsevol de nosaltres puguem donar forma des de casa o la feina un producte de consum (unes sabates, unes ulleres, un instrument de m\u00fasica, un gerro&#8230;, les possibilitats s\u00f3n infinites!), estarem estalviant tots els processos de fabricaci\u00f3 industrial, de transport i emmagatzematge que tant contribueixen a agreujar la nostra petjada ecol\u00f2gica. I si a m\u00e9s aquests productes estan fets amb materials reciclables i sostenibles, encara m\u00e9s!<\/p>\n\n\n\n<p>En un m\u00f3n cada cop m\u00e9s contaminat i on els recursos s\u00f3n molt limitats, el potencial de la impressi\u00f3 3D \u00e9s insuperable. Ens en sabrem aprofitar?<\/p>\n\n\n\n<p><em>Els alumnes de 4tC<\/em><\/p>\n","protected":false},"excerpt":{"rendered":"<p>Dijous 22 d\u2019octubre els alumnes de 4tC vam anar a visitar l\u2019exposici\u00f3 \u201cPrint3D. Reimprimir la realitat\u201d al CosmoCaixa, activitat que forma part de l\u2019optativa de Tecnologia aplicada.<\/p>\n<p>Durant la interessant\u00edssima visita que ens va fer un guia del museu, vam tenir oportunitat de veure de primera&hellip;  <a href=\"https:\/\/agora.xtec.cat\/iesnarcismonturiol\/destacada\/9329-2\/\" title=\"Read Visita a l\u2019exposici\u00f3 \u201cPRINT3D. Reimprimir la realitat\u201d al CosmoCaixa\">Llegeix m\u00e9s\u00bb<\/a><\/p>\n","protected":false},"author":5,"featured_media":9331,"comment_status":"closed","ping_status":"closed","sticky":false,"template":"","format":"standard","meta":{"_bbp_topic_count":0,"_bbp_reply_count":0,"_bbp_total_topic_count":0,"_bbp_total_reply_count":0,"_bbp_voice_count":0,"_bbp_anonymous_reply_count":0,"_bbp_topic_count_hidden":0,"_bbp_reply_count_hidden":0,"_bbp_forum_subforum_count":0,"footnotes":""},"categories":[125,127,135],"tags":[312],"class_list":["post-9329","post","type-post","status-publish","format-standard","has-post-thumbnail","hentry","category-destacada","category-escoles-sostenibles","category-tecnologia","tag-tecnologia"],"post_mailing_queue_ids":[],"_links":{"self":[{"href":"https:\/\/agora.xtec.cat\/iesnarcismonturiol\/wp-json\/wp\/v2\/posts\/9329","targetHints":{"allow":["GET"]}}],"collection":[{"href":"https:\/\/agora.xtec.cat\/iesnarcismonturiol\/wp-json\/wp\/v2\/posts"}],"about":[{"href":"https:\/\/agora.xtec.cat\/iesnarcismonturiol\/wp-json\/wp\/v2\/types\/post"}],"author":[{"embeddable":true,"href":"https:\/\/agora.xtec.cat\/iesnarcismonturiol\/wp-json\/wp\/v2\/users\/5"}],"replies":[{"embeddable":true,"href":"https:\/\/agora.xtec.cat\/iesnarcismonturiol\/wp-json\/wp\/v2\/comments?post=9329"}],"version-history":[{"count":0,"href":"https:\/\/agora.xtec.cat\/iesnarcismonturiol\/wp-json\/wp\/v2\/posts\/9329\/revisions"}],"wp:featuredmedia":[{"embeddable":true,"href":"https:\/\/agora.xtec.cat\/iesnarcismonturiol\/wp-json\/wp\/v2\/media\/9331"}],"wp:attachment":[{"href":"https:\/\/agora.xtec.cat\/iesnarcismonturiol\/wp-json\/wp\/v2\/media?parent=9329"}],"wp:term":[{"taxonomy":"category","embeddable":true,"href":"https:\/\/agora.xtec.cat\/iesnarcismonturiol\/wp-json\/wp\/v2\/categories?post=9329"},{"taxonomy":"post_tag","embeddable":true,"href":"https:\/\/agora.xtec.cat\/iesnarcismonturiol\/wp-json\/wp\/v2\/tags?post=9329"}],"curies":[{"name":"wp","href":"https:\/\/api.w.org\/{rel}","templated":true}]}}