{"id":9313,"date":"2020-11-24T20:37:00","date_gmt":"2020-11-24T18:37:00","guid":{"rendered":"http:\/\/insmonturiol.cat\/?p=9313"},"modified":"2020-11-24T20:37:00","modified_gmt":"2020-11-24T18:37:00","slug":"creadors-en-residencia","status":"publish","type":"post","link":"https:\/\/agora.xtec.cat\/iesnarcismonturiol\/castella\/creadors-en-residencia\/","title":{"rendered":"Creadors en Resid\u00e8ncia al Narc\u00eds Monturiol"},"content":{"rendered":"\n<p>Alguns alumnes de 4t ESO enguany desenvoluparem un projecte fotogr\u00e0fic, acompanyats per l&#8217;artista Consuelo Bautista, que ha exposat a llocs tan emblem\u00e0tics com el Palau Robert, el Palau de la Virreina o fins i tot al MACBA.<\/p>\n\n\n\n<figure class=\"wp-block-image size-large\"><img loading=\"lazy\" decoding=\"async\" width=\"1000\" height=\"665\" src=\"https:\/\/agora.xtec.cat\/iesnarcismonturiol\/wp-content\/uploads\/usu2521\/2020\/10\/imagen.png\" alt=\"\" class=\"wp-image-9314\" srcset=\"https:\/\/agora.xtec.cat\/iesnarcismonturiol\/wp-content\/uploads\/usu2521\/2020\/10\/imagen.png 1000w, https:\/\/agora.xtec.cat\/iesnarcismonturiol\/wp-content\/uploads\/usu2521\/2020\/10\/imagen-300x200.png 300w, https:\/\/agora.xtec.cat\/iesnarcismonturiol\/wp-content\/uploads\/usu2521\/2020\/10\/imagen-768x511.png 768w\" sizes=\"auto, (max-width: 1000px) 100vw, 1000px\" \/><\/figure>\n\n\n\n<p>Aquest projecte est\u00e0 vinculat a Creadors en Resid\u00e8ncia, un programa cultural en qu\u00e8 el nostre institut ha participat ja a altres edicions. De fet, aquest \u00e9s el nostre quart any. Estem molt contents perqu\u00e8 \u00e9s una experi\u00e8ncia \u00fanica que molt pocs instituts tenen ocasi\u00f3 de gaudir.<\/p>\n\n\n\n<p>El t\u00edtol de partida \u00e9s&nbsp;<em>Poesia, el carrer<\/em>&nbsp;i \u00e9s a l&#8217;entorn proper on endinsarem la nostra mirada. Trobarem alguna hist\u00f2ria per explicar al nostre barri? Ho podrem transformar en quelcom art\u00edstic? Haurem de tenir els ulls ben oberts i no perdre detall a totes les propostes que ens facin.<br>I com a tot proc\u00e9s creatiu es necessita no nom\u00e9s experimentar, sin\u00f3 tamb\u00e9 compartir. \u00c9s per aix\u00f2 que durant el curs us anirem explicant tot al blog que estem construint. Hi podeu accedir des d&#8217;aquest enlla\u00e7:<br><a rel=\"noreferrer noopener\" href=\"https:\/\/blocsenresidencia.bcn.cat\/narcismonturiol2021\/\" target=\"_blank\">https:\/\/blocsenresidencia.bcn.cat\/narcismonturiol2021\/<\/a><br>Esperem les vostres visites!<\/p>\n\n\n\n<p>Alumnes de 4t ESO C<\/p>\n\n\n\n<p>Sara Elias. <br>Professora de Llengua i Literatura Castellana<\/p>\n","protected":false},"excerpt":{"rendered":"<p>Alguns alumnes de 4t ESO enguany desenvoluparem un projecte fotogr\u00e0fic, acompanyats per l&#8217;artista Consuelo Bautista, que ha exposat a llocs tan emblem\u00e0tics com el Palau Robert, el Palau de la Virreina o fins i tot al MACBA.<\/p>\n<p>Aquest projecte est\u00e0 vinculat a Creadors en Resid\u00e8ncia, un&hellip;  <a href=\"https:\/\/agora.xtec.cat\/iesnarcismonturiol\/castella\/creadors-en-residencia\/\" title=\"Read Creadors en Resid\u00e8ncia al Narc\u00eds Monturiol\">Llegeix m\u00e9s\u00bb<\/a><\/p>\n","protected":false},"author":5,"featured_media":9316,"comment_status":"closed","ping_status":"closed","sticky":false,"template":"","format":"standard","meta":{"_bbp_topic_count":0,"_bbp_reply_count":0,"_bbp_total_topic_count":0,"_bbp_total_reply_count":0,"_bbp_voice_count":0,"_bbp_anonymous_reply_count":0,"_bbp_topic_count_hidden":0,"_bbp_reply_count_hidden":0,"_bbp_forum_subforum_count":0,"footnotes":""},"categories":[120,125],"tags":[189],"class_list":["post-9313","post","type-post","status-publish","format-standard","has-post-thumbnail","hentry","category-castella","category-destacada","tag-creadors-en-residencia"],"post_mailing_queue_ids":[],"_links":{"self":[{"href":"https:\/\/agora.xtec.cat\/iesnarcismonturiol\/wp-json\/wp\/v2\/posts\/9313","targetHints":{"allow":["GET"]}}],"collection":[{"href":"https:\/\/agora.xtec.cat\/iesnarcismonturiol\/wp-json\/wp\/v2\/posts"}],"about":[{"href":"https:\/\/agora.xtec.cat\/iesnarcismonturiol\/wp-json\/wp\/v2\/types\/post"}],"author":[{"embeddable":true,"href":"https:\/\/agora.xtec.cat\/iesnarcismonturiol\/wp-json\/wp\/v2\/users\/5"}],"replies":[{"embeddable":true,"href":"https:\/\/agora.xtec.cat\/iesnarcismonturiol\/wp-json\/wp\/v2\/comments?post=9313"}],"version-history":[{"count":0,"href":"https:\/\/agora.xtec.cat\/iesnarcismonturiol\/wp-json\/wp\/v2\/posts\/9313\/revisions"}],"wp:featuredmedia":[{"embeddable":true,"href":"https:\/\/agora.xtec.cat\/iesnarcismonturiol\/wp-json\/wp\/v2\/media\/9316"}],"wp:attachment":[{"href":"https:\/\/agora.xtec.cat\/iesnarcismonturiol\/wp-json\/wp\/v2\/media?parent=9313"}],"wp:term":[{"taxonomy":"category","embeddable":true,"href":"https:\/\/agora.xtec.cat\/iesnarcismonturiol\/wp-json\/wp\/v2\/categories?post=9313"},{"taxonomy":"post_tag","embeddable":true,"href":"https:\/\/agora.xtec.cat\/iesnarcismonturiol\/wp-json\/wp\/v2\/tags?post=9313"}],"curies":[{"name":"wp","href":"https:\/\/api.w.org\/{rel}","templated":true}]}}