{"id":9305,"date":"2020-10-21T19:11:15","date_gmt":"2020-10-21T19:11:15","guid":{"rendered":"http:\/\/insmonturiol.cat\/?p=9305"},"modified":"2020-10-21T19:11:15","modified_gmt":"2020-10-21T19:11:15","slug":"visita-al-parc-de-collserola","status":"publish","type":"post","link":"https:\/\/agora.xtec.cat\/iesnarcismonturiol\/ciencies-naturals\/visita-al-parc-de-collserola\/","title":{"rendered":"Visita al parc de Collserola"},"content":{"rendered":"\n<p>El passat dia 16 d\u2019octubre, els alumnes de Biologia de 2n de batxillerat A vam anar a Collserola, on una educadora ambiental del Centre d\u2019informaci\u00f3 del Parc&nbsp; ens va fer una interessant visita guiada.<\/p>\n\n\n\n<p>Durant les tres hores que va durar l\u2019activitat, vam tenir oportunitat de con\u00e8ixer de primera m\u00e0 la gran riquesa que ofereix aquest espai privilegiat des del punt de vista de l\u2019avifauna. Amb ajuda d\u2019una <a href=\"https:\/\/ca.wikipedia.org\/wiki\/Clau_dicot%C3%B2mica\">clau dicot\u00f2mica<\/a>, vam anar identificant les esp\u00e8cies vegetals m\u00e9s caracter\u00edstiques dels quatre ambients del parc, que s\u00f3n la pineda, la m\u00e0quia, l\u2019alzinar i el bosc de ribera. S\u00f3n moltes les esp\u00e8cies que vam poder recon\u00e8ixer, tant arbustives (arbo\u00e7, llentiscle, marfull, aladern, bruc&#8230;) com arb\u00f2ries (pi blanc i pi pinyer, alzina, roure, alzina surera, ar\u00e7 blanc&#8230;), a m\u00e9s de les herb\u00e0cies (roman\u00ed, farigola, roseta, galzeran, falguera, heura&#8230;).<\/p>\n\n\n\n<p>Juntament amb totes aquestes esp\u00e8cies, tamb\u00e9 vam veure d\u2019altres <a href=\"https:\/\/ca.wikipedia.org\/wiki\/Esp%C3%A8cie_introdu%C3%AFda\">al\u00b7l\u00f2ctones<\/a>, sobretot en l\u2019ambient de bosc de ribera (fitolaques, rob\u00ednies, miragu\u00e0, ailant&#8230;), introdu\u00efdes com a resultat de la intervenci\u00f3 antr\u00f2pica. Un fet aquest que ens recorda la necessitat de preservar un espai natural tan valu\u00f3s i proper com \u00e9s el Parc de Collserola.<\/p>\n\n\n\n<p>Alumnat de Biologia de 2n de Batxillerat A.<\/p>\n","protected":false},"excerpt":{"rendered":"<p>El passat dia 16 d\u2019octubre, els alumnes de Biologia de 2n de batxillerat A vam anar a Collserola, on una educadora ambiental del Centre d\u2019informaci\u00f3 del Parc&nbsp; ens va fer una interessant visita guiada.<\/p>\n<p>Durant les tres hores que va durar l\u2019activitat, vam tenir oportunitat de&hellip;  <a href=\"https:\/\/agora.xtec.cat\/iesnarcismonturiol\/ciencies-naturals\/visita-al-parc-de-collserola\/\" title=\"Read Visita al parc de Collserola\">Llegeix m\u00e9s\u00bb<\/a><\/p>\n","protected":false},"author":5,"featured_media":9306,"comment_status":"closed","ping_status":"closed","sticky":false,"template":"","format":"standard","meta":{"_bbp_topic_count":0,"_bbp_reply_count":0,"_bbp_total_topic_count":0,"_bbp_total_reply_count":0,"_bbp_voice_count":0,"_bbp_anonymous_reply_count":0,"_bbp_topic_count_hidden":0,"_bbp_reply_count_hidden":0,"_bbp_forum_subforum_count":0,"footnotes":""},"categories":[122,125,127],"tags":[],"class_list":["post-9305","post","type-post","status-publish","format-standard","has-post-thumbnail","hentry","category-ciencies-naturals","category-destacada","category-escoles-sostenibles"],"post_mailing_queue_ids":[],"_links":{"self":[{"href":"https:\/\/agora.xtec.cat\/iesnarcismonturiol\/wp-json\/wp\/v2\/posts\/9305","targetHints":{"allow":["GET"]}}],"collection":[{"href":"https:\/\/agora.xtec.cat\/iesnarcismonturiol\/wp-json\/wp\/v2\/posts"}],"about":[{"href":"https:\/\/agora.xtec.cat\/iesnarcismonturiol\/wp-json\/wp\/v2\/types\/post"}],"author":[{"embeddable":true,"href":"https:\/\/agora.xtec.cat\/iesnarcismonturiol\/wp-json\/wp\/v2\/users\/5"}],"replies":[{"embeddable":true,"href":"https:\/\/agora.xtec.cat\/iesnarcismonturiol\/wp-json\/wp\/v2\/comments?post=9305"}],"version-history":[{"count":0,"href":"https:\/\/agora.xtec.cat\/iesnarcismonturiol\/wp-json\/wp\/v2\/posts\/9305\/revisions"}],"wp:featuredmedia":[{"embeddable":true,"href":"https:\/\/agora.xtec.cat\/iesnarcismonturiol\/wp-json\/wp\/v2\/media\/9306"}],"wp:attachment":[{"href":"https:\/\/agora.xtec.cat\/iesnarcismonturiol\/wp-json\/wp\/v2\/media?parent=9305"}],"wp:term":[{"taxonomy":"category","embeddable":true,"href":"https:\/\/agora.xtec.cat\/iesnarcismonturiol\/wp-json\/wp\/v2\/categories?post=9305"},{"taxonomy":"post_tag","embeddable":true,"href":"https:\/\/agora.xtec.cat\/iesnarcismonturiol\/wp-json\/wp\/v2\/tags?post=9305"}],"curies":[{"name":"wp","href":"https:\/\/api.w.org\/{rel}","templated":true}]}}