{"id":9290,"date":"2020-10-12T14:46:21","date_gmt":"2020-10-12T14:46:21","guid":{"rendered":"http:\/\/insmonturiol.cat\/?p=9290"},"modified":"2020-10-12T14:46:21","modified_gmt":"2020-10-12T14:46:21","slug":"sortim-a-lhort","status":"publish","type":"post","link":"https:\/\/agora.xtec.cat\/iesnarcismonturiol\/ciencies-naturals\/sortim-a-lhort\/","title":{"rendered":"Sortim a l\u2019hort!"},"content":{"rendered":"\n<p>El passat dia 30 de setembre del 2020, els alumnes de l\u2019optativa de 2n d\u2019ESO C van fer la seva primera sessi\u00f3 de treball a l\u2019hort de l\u2019institut. A continuaci\u00f3 podeu llegir l\u2019explicaci\u00f3 de la feina feta que ens ofereixen Estefania M\u00e9ndez i Samara Requena. Molt bona feina!<br>Material que vam utilitzar:<br>-safata<br>-terra<br>-aigua<br>-llavors<br>-terreny<\/p>\n\n\n\n<p>Per comen\u00e7ar amb l&#8217;hort, primer vam dividir el terreny que tenim en v\u00e0ries parts iguals per poder caminar entre les plantes sense trepitjar-les.<br>Despr\u00e9s, vam omplir de terra unes petites safates i, m\u00e9s tard, vam posar-la en un embut per aprofitar-ne la m\u00e9s f\u00e8rtil.<br>A continuaci\u00f3, vam posar aigua a les safates, les vam dividir en quatre parts per plantar les llavors, i vam col\u00b7locar cada safata al seu lloc.<br>Mentre uns treballaven, els altres treien males herbes que hi havia pel  voltant; quan van fer un forat, van trobar uns quants cucs de terra. &#8230;<\/p>\n\n\n\n<p>Estefania M\u00e9ndez i Samara Requena de 2n d&#8217;ESO C<\/p>\n","protected":false},"excerpt":{"rendered":"<p>El passat dia 30 de setembre del 2020, els alumnes de l\u2019optativa de 2n d\u2019ESO C van fer la seva primera sessi\u00f3 de treball a l\u2019hort de l\u2019institut. A continuaci\u00f3 podeu llegir l\u2019explicaci\u00f3 de la feina feta que ens ofereixen Estefania M\u00e9ndez i Samara Requena.&hellip;  <a href=\"https:\/\/agora.xtec.cat\/iesnarcismonturiol\/ciencies-naturals\/sortim-a-lhort\/\" title=\"Read Sortim a l\u2019hort!\">Llegeix m\u00e9s\u00bb<\/a><\/p>\n","protected":false},"author":5,"featured_media":9293,"comment_status":"closed","ping_status":"closed","sticky":false,"template":"","format":"standard","meta":{"_bbp_topic_count":0,"_bbp_reply_count":0,"_bbp_total_topic_count":0,"_bbp_total_reply_count":0,"_bbp_voice_count":0,"_bbp_anonymous_reply_count":0,"_bbp_topic_count_hidden":0,"_bbp_reply_count_hidden":0,"_bbp_forum_subforum_count":0,"footnotes":""},"categories":[122,125,127],"tags":[234],"class_list":["post-9290","post","type-post","status-publish","format-standard","has-post-thumbnail","hentry","category-ciencies-naturals","category-destacada","category-escoles-sostenibles","tag-hort-sostenibilitat"],"post_mailing_queue_ids":[],"_links":{"self":[{"href":"https:\/\/agora.xtec.cat\/iesnarcismonturiol\/wp-json\/wp\/v2\/posts\/9290","targetHints":{"allow":["GET"]}}],"collection":[{"href":"https:\/\/agora.xtec.cat\/iesnarcismonturiol\/wp-json\/wp\/v2\/posts"}],"about":[{"href":"https:\/\/agora.xtec.cat\/iesnarcismonturiol\/wp-json\/wp\/v2\/types\/post"}],"author":[{"embeddable":true,"href":"https:\/\/agora.xtec.cat\/iesnarcismonturiol\/wp-json\/wp\/v2\/users\/5"}],"replies":[{"embeddable":true,"href":"https:\/\/agora.xtec.cat\/iesnarcismonturiol\/wp-json\/wp\/v2\/comments?post=9290"}],"version-history":[{"count":0,"href":"https:\/\/agora.xtec.cat\/iesnarcismonturiol\/wp-json\/wp\/v2\/posts\/9290\/revisions"}],"wp:featuredmedia":[{"embeddable":true,"href":"https:\/\/agora.xtec.cat\/iesnarcismonturiol\/wp-json\/wp\/v2\/media\/9293"}],"wp:attachment":[{"href":"https:\/\/agora.xtec.cat\/iesnarcismonturiol\/wp-json\/wp\/v2\/media?parent=9290"}],"wp:term":[{"taxonomy":"category","embeddable":true,"href":"https:\/\/agora.xtec.cat\/iesnarcismonturiol\/wp-json\/wp\/v2\/categories?post=9290"},{"taxonomy":"post_tag","embeddable":true,"href":"https:\/\/agora.xtec.cat\/iesnarcismonturiol\/wp-json\/wp\/v2\/tags?post=9290"}],"curies":[{"name":"wp","href":"https:\/\/api.w.org\/{rel}","templated":true}]}}