{"id":9277,"date":"2020-10-01T19:07:21","date_gmt":"2020-10-01T17:07:21","guid":{"rendered":"http:\/\/insmonturiol.cat\/?p=9277"},"modified":"2020-10-01T19:07:21","modified_gmt":"2020-10-01T17:07:21","slug":"reunions-de-families-dinici-de-curs","status":"publish","type":"post","link":"https:\/\/agora.xtec.cat\/iesnarcismonturiol\/general\/reunions-de-families-dinici-de-curs\/","title":{"rendered":"Reunions de fam\u00edlies d&#8217;inici de curs"},"content":{"rendered":"\n<p>Benvolgudes fam\u00edlies, <\/p>\n\n\n\n<p>Aquest any degut a la situaci\u00f3 de pand\u00e8mia de la Covid19, les reunions d&#8217;inici de curs seran virtualment a trav\u00e9s de la plataforma Google Meet. Rebreu les convocat\u00f2ries de les reunions via correu electr\u00f2nic uns dies abans.<\/p>\n\n\n\n<p>Reuni\u00f3 de fam\u00edlies de 2n Batxillerat A: dimarts 6 d&#8217;octubre a les 18h.<\/p>\n\n\n\n<p>Reuni\u00f3 de fam\u00edlies de 2n Batxillerat B: dimarts 6 d&#8217;octubre a les 18.30h.<\/p>\n\n\n\n<p>Reuni\u00f3 de fam\u00edlies de 4t d&#8217;ESO: dimarts 13 d&#8217;octubre a les 17.30h.<\/p>\n\n\n\n<p>Reuni\u00f3 de fam\u00edlies de 2n d&#8217;ESO: dimarts 13 d&#8217;octubre a les 18h.<\/p>\n\n\n\n<p>Reuni\u00f3 de fam\u00edlies de 3r d&#8217;ESO: dimarts 27 d&#8217;octubre a les 18h.<\/p>\n\n\n\n<p>Reuni\u00f3 de fam\u00edlies de 1r d&#8217;ESO: dimarts 3 de novembre a les 18h.<\/p>\n","protected":false},"excerpt":{"rendered":"<p>Benvolgudes fam\u00edlies, <\/p>\n<p>Aquest any degut a la situaci\u00f3 de pand\u00e8mia de la Covid19, les reunions d&#8217;inici de curs seran virtualment a trav\u00e9s de la plataforma Google Meet. Rebreu les convocat\u00f2ries de les reunions via correu electr\u00f2nic uns dies abans.<\/p>\n<p>Reuni\u00f3 de fam\u00edlies de 2n Batxillerat A:&hellip;  <a href=\"https:\/\/agora.xtec.cat\/iesnarcismonturiol\/general\/reunions-de-families-dinici-de-curs\/\" title=\"Read Reunions de fam\u00edlies d&#8217;inici de curs\">Llegeix m\u00e9s\u00bb<\/a><\/p>\n","protected":false},"author":5,"featured_media":0,"comment_status":"closed","ping_status":"closed","sticky":false,"template":"","format":"standard","meta":{"_bbp_topic_count":0,"_bbp_reply_count":0,"_bbp_total_topic_count":0,"_bbp_total_reply_count":0,"_bbp_voice_count":0,"_bbp_anonymous_reply_count":0,"_bbp_topic_count_hidden":0,"_bbp_reply_count_hidden":0,"_bbp_forum_subforum_count":0,"footnotes":""},"categories":[1],"tags":[],"class_list":["post-9277","post","type-post","status-publish","format-standard","hentry","category-general"],"post_mailing_queue_ids":[],"_links":{"self":[{"href":"https:\/\/agora.xtec.cat\/iesnarcismonturiol\/wp-json\/wp\/v2\/posts\/9277","targetHints":{"allow":["GET"]}}],"collection":[{"href":"https:\/\/agora.xtec.cat\/iesnarcismonturiol\/wp-json\/wp\/v2\/posts"}],"about":[{"href":"https:\/\/agora.xtec.cat\/iesnarcismonturiol\/wp-json\/wp\/v2\/types\/post"}],"author":[{"embeddable":true,"href":"https:\/\/agora.xtec.cat\/iesnarcismonturiol\/wp-json\/wp\/v2\/users\/5"}],"replies":[{"embeddable":true,"href":"https:\/\/agora.xtec.cat\/iesnarcismonturiol\/wp-json\/wp\/v2\/comments?post=9277"}],"version-history":[{"count":0,"href":"https:\/\/agora.xtec.cat\/iesnarcismonturiol\/wp-json\/wp\/v2\/posts\/9277\/revisions"}],"wp:attachment":[{"href":"https:\/\/agora.xtec.cat\/iesnarcismonturiol\/wp-json\/wp\/v2\/media?parent=9277"}],"wp:term":[{"taxonomy":"category","embeddable":true,"href":"https:\/\/agora.xtec.cat\/iesnarcismonturiol\/wp-json\/wp\/v2\/categories?post=9277"},{"taxonomy":"post_tag","embeddable":true,"href":"https:\/\/agora.xtec.cat\/iesnarcismonturiol\/wp-json\/wp\/v2\/tags?post=9277"}],"curies":[{"name":"wp","href":"https:\/\/api.w.org\/{rel}","templated":true}]}}