{"id":9126,"date":"2021-06-09T12:18:03","date_gmt":"2021-06-09T10:18:03","guid":{"rendered":"http:\/\/insmonturiol.cat\/matricula-i-alumnes-assignats-al-centre-de-1r-deso"},"modified":"2021-06-09T12:18:03","modified_gmt":"2021-06-09T10:18:03","slug":"matricula-i-alumnes-assignats-al-centre-de-1r-deso","status":"publish","type":"post","link":"https:\/\/agora.xtec.cat\/iesnarcismonturiol\/general\/matricula-i-alumnes-assignats-al-centre-de-1r-deso\/","title":{"rendered":"Matr\u00edcula dels alumnes de 1r d&#8217;ESO assignats al centre curs 21-22"},"content":{"rendered":"\n<p><strong><a href=\"https:\/\/agora.xtec.cat\/iesnarcismonturiol\/wp-content\/uploads\/usu2521\/2021\/06\/INFORME_ASSIGNADES_INFORME_ASSIGNADES.pdf\" target=\"_blank\" rel=\"noreferrer noopener\">Publicaci\u00f3 de la llista dels alumnes assignats al centre a 07\/06\/2021<\/a><\/strong><\/p>\n\n\n\n<p><a href=\"https:\/\/agora.xtec.cat\/iesnarcismonturiol\/wp-content\/uploads\/usu2521\/2021\/06\/INFORME_LLISTA_ESPERA_OME_LLISTA_ESPERA.pdf\" target=\"_blank\" rel=\"noreferrer noopener\"><strong>Publicaci\u00f3 de la llista d&#8217;espera del centre a 07\/06\/202<\/strong>1<\/a><\/p>\n\n\n\n<p style=\"font-size:31px\"><strong>Matr\u00edcula<\/strong><\/p>\n\n\n\n<ul class=\"wp-block-list\"><li>Alumnes admesos per 1r d&#8217;ESO : trobareu tota la documentaci\u00f3 en aquest <a rel=\"noreferrer noopener\" href=\"https:\/\/drive.google.com\/drive\/folders\/1ewveOUOE5nRKoUwYROxLg9B8fKuhjuyo?usp=sharing\" target=\"_blank\"><span style=\"text-decoration: underline;\"><strong>enlla\u00e7<\/strong><\/span><\/a>.<br>Cal que porteu la documentaci\u00f3 emplenada i la resta dels documents a secretaria el dia que vingueu a l&#8217;institut amb la cita pr\u00e8via.<br><\/li><li>Heu de demanar cita pr\u00e8via per fer la matr\u00edcula <strong>del 14 al 18 de juny de 2021<\/strong> fent clic al seg\u00fcent enlla\u00e7: <strong><strong><a href=\"https:\/\/aplicacions.gestioeducativa.gencat.cat\/pls\/apex\/f?p=CITA_PREVIA:4::::4:P4_TIPUS_CALENDARI,P4_DOMINI:03_Oblig,08013214\" target=\"_blank\" rel=\"noreferrer noopener\">https:\/\/aplicacions.gestioeducativa.gencat.cat\/pls\/apex\/f?p=CITA_PREVIA:4::::4:P4_TIPUS_CALENDARI,P4_DOMINI:03_Oblig,08013214<\/a><\/strong><\/strong><\/li><\/ul>\n\n\n\n<p>En el pagament de la matr\u00edcula, que heu de fer per TPV, si l&#8217;heu fet, est\u00e0 incl\u00f2s el lot de llibres de 1r d&#8217;ESO, excepte els llibres de lectura. <\/p>\n\n\n\n<p>Properament penjarem el llistat de llibres de lectura, els quals podreu tindreu l&#8217;opci\u00f3 de fer la comanda a trav\u00e9s de l&#8217;empresa Iddink.<\/p>\n\n\n\n<p><strong>REUNI\u00d3 INICI DE CURS DE 1r d&#8217;ESO<\/strong><\/p>\n\n\n\n<p>La reuni\u00f3 d&#8217;inici de curs amb les fam\u00edlies ser\u00e0 a principis de setembre a les 18h virtualment. Us concretarem m\u00e9s detalls m\u00e9s endavant. <\/p>\n\n\n\n<p>Si necessiteu m\u00e9s informaci\u00f3 de l&#8217;<em>Institut Narcis Monturiol a la web del centre, al tel\u00e8fon 934281250 o per correu electr\u00f2nic a8013214@xtec.cat<\/em><\/p>\n","protected":false},"excerpt":{"rendered":"<p><a href=\"https:\/\/agora.xtec.cat\/iesnarcismonturiol\/wp-content\/uploads\/usu2521\/2021\/06\/INFORME_ASSIGNADES_INFORME_ASSIGNADES.pdf\" target=\"_blank\" rel=\"noreferrer noopener\">Publicaci\u00f3 de la llista dels alumnes assignats al centre a 07\/06\/2021<\/a><\/p>\n<p><a href=\"https:\/\/agora.xtec.cat\/iesnarcismonturiol\/wp-content\/uploads\/usu2521\/2021\/06\/INFORME_LLISTA_ESPERA_OME_LLISTA_ESPERA.pdf\" target=\"_blank\" rel=\"noreferrer noopener\">Publicaci\u00f3 de la llista d&#8217;espera del centre a 07\/06\/2021<\/a><\/p>\n<p>Matr\u00edcula<\/p>\n<ul class=\"wp-block-list\">\n<li>Alumnes admesos per 1r d&#8217;ESO : trobareu tota la documentaci\u00f3 en aquest <a rel=\"noreferrer noopener\" href=\"https:\/\/drive.google.com\/drive\/folders\/1ewveOUOE5nRKoUwYROxLg9B8fKuhjuyo?usp=sharing\" target=\"_blank\">enlla\u00e7<\/a>.Cal que&hellip;  <a href=\"https:\/\/agora.xtec.cat\/iesnarcismonturiol\/general\/matricula-i-alumnes-assignats-al-centre-de-1r-deso\/\" title=\"Read Matr\u00edcula dels alumnes de 1r d&#8217;ESO assignats al centre curs 21-22\">Llegeix m\u00e9s\u00bb<\/a><br \/>\n","protected":false},"author":5,"featured_media":9889,"comment_status":"closed","ping_status":"closed","sticky":false,"template":"","format":"standard","meta":{"_bbp_topic_count":0,"_bbp_reply_count":0,"_bbp_total_topic_count":0,"_bbp_total_reply_count":0,"_bbp_voice_count":0,"_bbp_anonymous_reply_count":0,"_bbp_topic_count_hidden":0,"_bbp_reply_count_hidden":0,"_bbp_forum_subforum_count":0,"footnotes":""},"categories":[125,1],"tags":[137,252],"class_list":["post-9126","post","type-post","status-publish","format-standard","has-post-thumbnail","hentry","category-destacada","category-general","tag-1r-eso","tag-matricula"],"post_mailing_queue_ids":[],"_links":{"self":[{"href":"https:\/\/agora.xtec.cat\/iesnarcismonturiol\/wp-json\/wp\/v2\/posts\/9126","targetHints":{"allow":["GET"]}}],"collection":[{"href":"https:\/\/agora.xtec.cat\/iesnarcismonturiol\/wp-json\/wp\/v2\/posts"}],"about":[{"href":"https:\/\/agora.xtec.cat\/iesnarcismonturiol\/wp-json\/wp\/v2\/types\/post"}],"author":[{"embeddable":true,"href":"https:\/\/agora.xtec.cat\/iesnarcismonturiol\/wp-json\/wp\/v2\/users\/5"}],"replies":[{"embeddable":true,"href":"https:\/\/agora.xtec.cat\/iesnarcismonturiol\/wp-json\/wp\/v2\/comments?post=9126"}],"version-history":[{"count":0,"href":"https:\/\/agora.xtec.cat\/iesnarcismonturiol\/wp-json\/wp\/v2\/posts\/9126\/revisions"}],"wp:featuredmedia":[{"embeddable":true,"href":"https:\/\/agora.xtec.cat\/iesnarcismonturiol\/wp-json\/wp\/v2\/media\/9889"}],"wp:attachment":[{"href":"https:\/\/agora.xtec.cat\/iesnarcismonturiol\/wp-json\/wp\/v2\/media?parent=9126"}],"wp:term":[{"taxonomy":"category","embeddable":true,"href":"https:\/\/agora.xtec.cat\/iesnarcismonturiol\/wp-json\/wp\/v2\/categories?post=9126"},{"taxonomy":"post_tag","embeddable":true,"href":"https:\/\/agora.xtec.cat\/iesnarcismonturiol\/wp-json\/wp\/v2\/tags?post=9126"}],"curies":[{"name":"wp","href":"https:\/\/api.w.org\/{rel}","templated":true}]}}