{"id":9066,"date":"2020-06-17T19:29:16","date_gmt":"2020-06-17T19:29:16","guid":{"rendered":"http:\/\/insmonturiol.cat\/optativa-de-musica-de-4t-deso-el-producte-final"},"modified":"2020-06-17T19:29:16","modified_gmt":"2020-06-17T19:29:16","slug":"optativa-de-musica-de-4t-deso-el-producte-final","status":"publish","type":"post","link":"https:\/\/agora.xtec.cat\/iesnarcismonturiol\/general\/optativa-de-musica-de-4t-deso-el-producte-final\/","title":{"rendered":"Optativa de m\u00fasica de 4t d&#8217;ESO: el producte final"},"content":{"rendered":"\n<p>L&#8217;alumnat de 4t d&#8217;ESO us presenta el Producte final del seu projecte de m\u00fasica.<\/p>\n\n\n\n<p>Abans del confinament els nois i les noies de 4t d&#8217;ESO havien escollit les can\u00e7ons i el gui\u00f3 per fer un musical en aquesta mat\u00e8ria optativa. Per\u00f2 amb el confinament han hagut de canviar radicalment el plantejament i durant aquests mesos han estat treballant les can\u00e7ons triades i han produ\u00eft dos tipus de videoclips diferents. <\/p>\n\n\n\n<p>En el primer el Dani  interpreta a piano City of Stars i la Mireia ha inventat una hist\u00f2ria (guio i imatge) amb aquesta banda sonora de fons. <\/p>\n\n\n\n<figure class=\"wp-block-embed-youtube wp-block-embed is-type-video is-provider-youtube wp-embed-aspect-16-9 wp-has-aspect-ratio\"><div class=\"wp-block-embed__wrapper\">\n<iframe loading=\"lazy\" title=\"City of Stars\" width=\"500\" height=\"281\" src=\"https:\/\/www.youtube.com\/embed\/3B1NXdN-52A?feature=oembed\" frameborder=\"0\" allow=\"accelerometer; autoplay; clipboard-write; encrypted-media; gyroscope; picture-in-picture; web-share\" referrerpolicy=\"strict-origin-when-cross-origin\" allowfullscreen><\/iframe>\n<\/div><\/figure>\n\n\n\n<p>L&#8217;altre els ha costat tres mesos enllestir-ho. Gravaci\u00f3 Ens cantant, cadasc\u00fa per separat, despr\u00e9s muntatge de les pistes de tots els \u00e0udios de tal manera que la can\u00e7\u00f3 harmonitz\u00e9s a veus. Despr\u00e9s gravaci\u00f3 fent playbak per tal de muntar v\u00eddeo i so amb un editor.<\/p>\n\n\n\n<p>El resultat el trobareu al video de m\u00e9s avall, ha sigut una molt bona feina i tenint en compte les circumst\u00e0ncies del confinament n&#8217;estem molt orgullosos.<\/p>\n\n\n\n<figure class=\"wp-block-embed-youtube wp-block-embed is-type-video is-provider-youtube wp-embed-aspect-16-9 wp-has-aspect-ratio\"><div class=\"wp-block-embed__wrapper\">\n<iframe loading=\"lazy\" title=\"No dudar\u00eda\" width=\"500\" height=\"281\" src=\"https:\/\/www.youtube.com\/embed\/GkwK8K1pVtE?feature=oembed\" frameborder=\"0\" allow=\"accelerometer; autoplay; clipboard-write; encrypted-media; gyroscope; picture-in-picture; web-share\" referrerpolicy=\"strict-origin-when-cross-origin\" allowfullscreen><\/iframe>\n<\/div><\/figure>\n\n\n\n<p>Esperem que us agradi el nostre treball.<\/p>\n\n\n\n<p>Sara Elias, professora del projecte<\/p>\n\n\n\n<p><\/p>\n","protected":false},"excerpt":{"rendered":"<p>L&#8217;alumnat de 4t d&#8217;ESO us presenta el Producte final del seu projecte de m\u00fasica.<\/p>\n<p>Abans del confinament els nois i les noies de 4t d&#8217;ESO havien escollit les can\u00e7ons i el gui\u00f3 per fer un musical en aquesta mat\u00e8ria optativa. Per\u00f2 amb el confinament han hagut&hellip;  <a href=\"https:\/\/agora.xtec.cat\/iesnarcismonturiol\/general\/optativa-de-musica-de-4t-deso-el-producte-final\/\" title=\"Read Optativa de m\u00fasica de 4t d&#8217;ESO: el producte final\">Llegeix m\u00e9s\u00bb<\/a><\/p>\n","protected":false},"author":5,"featured_media":9078,"comment_status":"closed","ping_status":"closed","sticky":false,"template":"","format":"standard","meta":{"_bbp_topic_count":0,"_bbp_reply_count":0,"_bbp_total_topic_count":0,"_bbp_total_reply_count":0,"_bbp_voice_count":0,"_bbp_anonymous_reply_count":0,"_bbp_topic_count_hidden":0,"_bbp_reply_count_hidden":0,"_bbp_forum_subforum_count":0,"footnotes":""},"categories":[1,133],"tags":[263],"class_list":["post-9066","post","type-post","status-publish","format-standard","has-post-thumbnail","hentry","category-general","category-musica","tag-musica"],"post_mailing_queue_ids":[],"_links":{"self":[{"href":"https:\/\/agora.xtec.cat\/iesnarcismonturiol\/wp-json\/wp\/v2\/posts\/9066","targetHints":{"allow":["GET"]}}],"collection":[{"href":"https:\/\/agora.xtec.cat\/iesnarcismonturiol\/wp-json\/wp\/v2\/posts"}],"about":[{"href":"https:\/\/agora.xtec.cat\/iesnarcismonturiol\/wp-json\/wp\/v2\/types\/post"}],"author":[{"embeddable":true,"href":"https:\/\/agora.xtec.cat\/iesnarcismonturiol\/wp-json\/wp\/v2\/users\/5"}],"replies":[{"embeddable":true,"href":"https:\/\/agora.xtec.cat\/iesnarcismonturiol\/wp-json\/wp\/v2\/comments?post=9066"}],"version-history":[{"count":0,"href":"https:\/\/agora.xtec.cat\/iesnarcismonturiol\/wp-json\/wp\/v2\/posts\/9066\/revisions"}],"wp:featuredmedia":[{"embeddable":true,"href":"https:\/\/agora.xtec.cat\/iesnarcismonturiol\/wp-json\/wp\/v2\/media\/9078"}],"wp:attachment":[{"href":"https:\/\/agora.xtec.cat\/iesnarcismonturiol\/wp-json\/wp\/v2\/media?parent=9066"}],"wp:term":[{"taxonomy":"category","embeddable":true,"href":"https:\/\/agora.xtec.cat\/iesnarcismonturiol\/wp-json\/wp\/v2\/categories?post=9066"},{"taxonomy":"post_tag","embeddable":true,"href":"https:\/\/agora.xtec.cat\/iesnarcismonturiol\/wp-json\/wp\/v2\/tags?post=9066"}],"curies":[{"name":"wp","href":"https:\/\/api.w.org\/{rel}","templated":true}]}}