{"id":9008,"date":"2020-06-04T18:32:17","date_gmt":"2020-06-04T18:32:17","guid":{"rendered":"http:\/\/insmonturiol.cat\/pla-dobertura-de-centre"},"modified":"2020-06-04T18:32:17","modified_gmt":"2020-06-04T18:32:17","slug":"pla-dobertura-de-centre","status":"publish","type":"post","link":"https:\/\/agora.xtec.cat\/iesnarcismonturiol\/general\/pla-dobertura-de-centre\/","title":{"rendered":"PLA D&#8217;OBERTURA DE CENTRE"},"content":{"rendered":"\n<p>El curs escolar acabar\u00e0 el 19 de juny i no tornar\u00e0 a reprendre\u2019s de forma tradicional, donat que les condicions actuals no fan possible acollir tots els alumnes en classes presencials.<\/p>\n\n\n\n<p>EL Pla d&#8217;obertura de centre delimita les actuacions en el Fase 2 de la desescalada. Aix\u00f2 no implica en cap cas la suspensi\u00f3 de la doc\u00e8ncia telem\u00e0tica i la programaci\u00f3 feta per l&#8217;institut.<\/p>\n\n\n\n<p>El Pla d&#8217;obertura de centre ha estat aprovat per la Direcci\u00f3 i se n&#8217;ha informat al Consell Escolar el dia 4 de juny de 2020. Amb la publicitat a la p\u00e0gina web del centre es dona compliment a la instrucci\u00f3 rebuda del Departament d&#8217;Educaci\u00f3.<\/p>\n\n\n\n<p><a href=\"http:\/\/insmonturiol.cat\/wp-content\/uploads\/2020\/06\/PLA-D\u2019OBERTURA-DEL-CENTRE-4-juny-2020-2.pdf\" target=\"_blank\" rel=\"noreferrer noopener\">PLA D&#8217;OBERTURA DEL CENTRE INSTITUT NARC\u00cdS MONTURIOL<\/a><\/p>\n\n\n\n<p><a href=\"http:\/\/insmonturiol.cat\/wp-content\/uploads\/2020\/06\/A817_Declaraci\u00f3_ESO_BAT_menors.pdf\" target=\"_blank\" rel=\"noreferrer noopener\"><strong>Declaraci\u00f3 responsable per a les fam\u00edlies d\u2019alumnes d\u2019educaci\u00f3 secund\u00e0ria i batxillerat (per a alumnes menors de 18 anys)<\/strong><\/a><\/p>\n\n\n\n<p><strong><a href=\"http:\/\/insmonturiol.cat\/wp-content\/uploads\/2020\/06\/A820_Declaraci\u00f3_BAT_CFGM_majors.pdf\" target=\"_blank\" rel=\"noreferrer noopener\">Declaraci\u00f3 responsable d\u2019alumnes majors de 18 anys<\/a><\/strong><\/p>\n\n\n\n<p><\/p>\n\n\n\n<p><\/p>\n\n\n\n<p><\/p>\n","protected":false},"excerpt":{"rendered":"<p>El curs escolar acabar\u00e0 el 19 de juny i no tornar\u00e0 a reprendre\u2019s de forma tradicional, donat que les condicions actuals no fan possible acollir tots els alumnes en classes presencials.<\/p>\n<p>EL Pla d&#8217;obertura de centre delimita les actuacions en el Fase 2 de la desescalada.&hellip;  <a href=\"https:\/\/agora.xtec.cat\/iesnarcismonturiol\/general\/pla-dobertura-de-centre\/\" title=\"Read PLA D&#8217;OBERTURA DE CENTRE\">Llegeix m\u00e9s\u00bb<\/a><\/p>\n","protected":false},"author":5,"featured_media":9011,"comment_status":"closed","ping_status":"closed","sticky":false,"template":"","format":"standard","meta":{"_bbp_topic_count":0,"_bbp_reply_count":0,"_bbp_total_topic_count":0,"_bbp_total_reply_count":0,"_bbp_voice_count":0,"_bbp_anonymous_reply_count":0,"_bbp_topic_count_hidden":0,"_bbp_reply_count_hidden":0,"_bbp_forum_subforum_count":0,"footnotes":""},"categories":[1],"tags":[],"class_list":["post-9008","post","type-post","status-publish","format-standard","has-post-thumbnail","hentry","category-general"],"post_mailing_queue_ids":[],"_links":{"self":[{"href":"https:\/\/agora.xtec.cat\/iesnarcismonturiol\/wp-json\/wp\/v2\/posts\/9008","targetHints":{"allow":["GET"]}}],"collection":[{"href":"https:\/\/agora.xtec.cat\/iesnarcismonturiol\/wp-json\/wp\/v2\/posts"}],"about":[{"href":"https:\/\/agora.xtec.cat\/iesnarcismonturiol\/wp-json\/wp\/v2\/types\/post"}],"author":[{"embeddable":true,"href":"https:\/\/agora.xtec.cat\/iesnarcismonturiol\/wp-json\/wp\/v2\/users\/5"}],"replies":[{"embeddable":true,"href":"https:\/\/agora.xtec.cat\/iesnarcismonturiol\/wp-json\/wp\/v2\/comments?post=9008"}],"version-history":[{"count":0,"href":"https:\/\/agora.xtec.cat\/iesnarcismonturiol\/wp-json\/wp\/v2\/posts\/9008\/revisions"}],"wp:featuredmedia":[{"embeddable":true,"href":"https:\/\/agora.xtec.cat\/iesnarcismonturiol\/wp-json\/wp\/v2\/media\/9011"}],"wp:attachment":[{"href":"https:\/\/agora.xtec.cat\/iesnarcismonturiol\/wp-json\/wp\/v2\/media?parent=9008"}],"wp:term":[{"taxonomy":"category","embeddable":true,"href":"https:\/\/agora.xtec.cat\/iesnarcismonturiol\/wp-json\/wp\/v2\/categories?post=9008"},{"taxonomy":"post_tag","embeddable":true,"href":"https:\/\/agora.xtec.cat\/iesnarcismonturiol\/wp-json\/wp\/v2\/tags?post=9008"}],"curies":[{"name":"wp","href":"https:\/\/api.w.org\/{rel}","templated":true}]}}