{"id":8951,"date":"2020-05-18T15:06:15","date_gmt":"2020-05-18T15:06:15","guid":{"rendered":"http:\/\/insmonturiol.cat\/batxillerat-preinscripcio-curs-2020-2021"},"modified":"2020-05-18T15:06:15","modified_gmt":"2020-05-18T15:06:15","slug":"batxillerat-preinscripcio-curs-2020-2021","status":"publish","type":"post","link":"https:\/\/agora.xtec.cat\/iesnarcismonturiol\/general\/batxillerat-preinscripcio-curs-2020-2021\/","title":{"rendered":"BATXILLERAT: preinscripci\u00f3 curs 2020-2021"},"content":{"rendered":"\n<p><strong>El batxillerat \u00e9s un per\u00edode clau en la formaci\u00f3 acad\u00e8mica i personal de la majoria de nois i noies que acaben els estudis de secund\u00e0ria.<\/strong> <\/p>\n\n\n\n<p>\u00c9s una etapa singular en un moment del proc\u00e9s maduratiu dels nois i de les noies de 16 a 18 anys que els ha de permetre una incorporaci\u00f3 a la Universitat i al cicles formatius de grau superior. <\/p>\n\n\n\n<p>El batxillerat a l&#8217;Institut Narc\u00eds Monturiol \u00e9s un model que els ajuda amb un ampli ventall d&#8217;itineraris a incorporar-se a un m\u00f3n global i en canvi continu.  Durant aquesta etapa l&#8217;alumnat ha d&#8217;adquirir la consci\u00e8ncia de la seva formaci\u00f3 que l&#8217;ajudar\u00e0 en un proc\u00e9s de decisi\u00f3 entre diferents opcions, adquirint amb reflexi\u00f3, esperit cr\u00edtic, proactivitat; una autonomia que li permetr\u00e0 dissenyar el seu projecte personal de vida. <\/p>\n\n\n\n<p>El Batxillerat a l&#8217;Institut Narc\u00eds Monturiol, feu clic a la image:<\/p>\n\n\n\n<figure class=\"wp-block-image size-large\"><a href=\"http:\/\/insmonturiol.cat\/wp-content\/uploads\/2020\/05\/BATXILLERAT-A-L\u2019INS-NARC\u00cdS-MONTURIOL-2020-2021.ppt.pdf\" target=\"_blank\" rel=\"noopener noreferrer\"><img loading=\"lazy\" decoding=\"async\" width=\"998\" height=\"692\" src=\"http:\/\/insmonturiol.cat\/wp-content\/uploads\/2020\/05\/Captura-de-pantalla-2020-05-18-a-les-16.39.11.png\" alt=\"\" class=\"wp-image-8957\" srcset=\"https:\/\/agora.xtec.cat\/iesnarcismonturiol\/wp-content\/uploads\/usu2521\/2020\/05\/Captura-de-pantalla-2020-05-18-a-les-16.39.11.png 998w, https:\/\/agora.xtec.cat\/iesnarcismonturiol\/wp-content\/uploads\/usu2521\/2020\/05\/Captura-de-pantalla-2020-05-18-a-les-16.39.11-300x208.png 300w, https:\/\/agora.xtec.cat\/iesnarcismonturiol\/wp-content\/uploads\/usu2521\/2020\/05\/Captura-de-pantalla-2020-05-18-a-les-16.39.11-768x533.png 768w\" sizes=\"auto, (max-width: 998px) 100vw, 998px\" \/><\/a><figcaption><br><\/figcaption><\/figure>\n\n\n\n<p>Ofertem les modalitats de Batxillerat:<\/p>\n\n\n\n<ul class=\"wp-block-list\"><li>Ci\u00e8ncies i Tecnologia<\/li><\/ul>\n\n\n\n<ul class=\"wp-block-list\"><li>Humanitats i Ci\u00e8ncies Socials.<\/li><\/ul>\n\n\n\n<h3 class=\"wp-block-heading\" id=\"FW_bloc_4ed92f47-55e7-11e4-aafa-000c29f68999_1\">INFORMACI\u00d3 la podeu obtenir a Estudiar a Catalunya a la web:<\/h3>\n\n\n\n<h3 class=\"wp-block-heading\" id=\"FW_bloc_4ed92f47-55e7-11e4-aafa-000c29f68999_1\"><a href=\"http:\/\/queestudiar.gencat.cat\/ca\/preinscripcio\">http:\/\/queestudiar.gencat.cat\/ca\/preinscripcio<\/a>\/estudis\/batxillerat\/<\/h3>\n\n\n\n<h4 class=\"wp-block-heading\" id=\"FW_bloc_4ed92f47-55e7-11e4-aafa-000c29f68999_1\">PREINSCRIPCIO AL BATXILLERAT<\/h4>\n\n\n\n<p>PROCEDIMENT I DOCUMENTACI\u00d3 &#8211; feu clic a l&#8217;enlla\u00e7:<\/p>\n\n\n\n<p class=\"has-text-align-center\"><a rel=\"noreferrer noopener\" href=\"https:\/\/www.edubcn.cat\/ca\/alumnat_i_familia\/informacio_general_matriculacio\/postobligatoris\/batxillerat\" target=\"_blank\"><strong>Consorci d&#8217;Educaci\u00f3 de Barcelona<\/strong><\/a><\/p>\n\n\n\n<ul class=\"wp-block-list\"><li>Presentaci\u00f3 de sol\u00b7licituds:&nbsp;<strong>del 27 de maig al 3 de juny de 2020<\/strong>, ambd\u00f3s inclosos<\/li><li>Presentaci\u00f3 de documentaci\u00f3 per correu electr\u00f2nic <a href=\"mailto:a8013214@xtec.cat\" target=\"_blank\" rel=\"noreferrer noopener\">a8013214@xtec.cat<\/a> fins al 4 de juny de 2020<\/li><\/ul>\n\n\n\n<p>Presentaci\u00f3 de documentaci\u00f3 de&nbsp;<strong>manera excepcional<\/strong>&nbsp;presencialment amb CITA PR\u00c8VIA <strong>el 3 de juny de 2020<\/strong> fent clic a l&#8217;enlla\u00e7;<\/p>\n\n\n\n<p><a rel=\"noreferrer noopener\" href=\"https:\/\/aplicacions.gestioeducativa.gencat.cat\/pls\/apex\/f?p=CITA_PREVIA:4::::4:P4_TIPUS_CALENDARI,P4_DOMINI:01_BATX,08013214\" target=\"_blank\">https:\/\/aplicacions.gestioeducativa.gencat.cat\/pls\/apex\/f?p=CITA_PREVIA:4::::4:P4_TIPUS_CALENDARI,P4_DOMINI:01_BATX,08013214<\/a><\/p>\n\n\n\n<h4 class=\"wp-block-heading\" id=\"FW_bloc_4ed92f47-55e7-11e4-aafa-000c29f68999_2\">Matr\u00edcula<\/h4>\n\n\n\n<ul class=\"wp-block-list\"><li>Alumnes preinscrits amb pla\u00e7a assignada: del 8 al 14 de juliol de 2020, ambd\u00f3s inclosos<\/li><li>Alumnes de batxillerat pendents de l&#8217;avaluaci\u00f3 de setembre: del 7 al 10 de setembre de 2020<\/li><\/ul>\n\n\n\n<p><strong>Av\u00eds: Les dates proposades del mes de juny i posteriors s\u00f3n provisionals i poden variar en funci\u00f3 de l&#8217;evoluci\u00f3 de la pand\u00e8mia.<\/strong><\/p>\n\n\n\n<p>Sol\u00b7liciteu informaci\u00f3 de l&#8217;<em style=\"font-weight: bold;\">Institut Narcis Monturiol  a la web del centre, al tel\u00e8fon 934281250 o per correu electr\u00f2nic a8013214@xtec.cat<\/em><\/p>\n\n\n\n<p><\/p>\n\n\n\n<p><a rel=\"noreferrer noopener\" href=\"http:\/\/insmonturiol.cat\/wp-content\/uploads\/2020\/06\/batx-INFORME_BAREM_RESOLTES_BAREM-2.pdf\" target=\"_blank\">Batxillerat 2020\/2021<\/a><\/p>\n\n\n\n<p><strong><a href=\"http:\/\/insmonturiol.cat\/wp-content\/uploads\/2020\/06\/INFORME_BAREM_RESOLTES_BAREM-3.pdf\" target=\"_blank\" rel=\"noreferrer noopener\">Publicaci\u00f3 de la llista de sol\u00b7licituds que han demanat el centre i l&#8217;ensenyament en primera petici\u00f3 amb el barem resoltes les reclamacions a 22\/06\/2020<\/a><\/strong><\/p>\n","protected":false},"excerpt":{"rendered":"<p>El batxillerat \u00e9s un per\u00edode clau en la formaci\u00f3 acad\u00e8mica i personal de la majoria de nois i noies que acaben els estudis de secund\u00e0ria. <\/p>\n<p>\u00c9s una etapa singular en un moment del proc\u00e9s maduratiu dels nois i de les noies de 16 a 18&hellip;  <a href=\"https:\/\/agora.xtec.cat\/iesnarcismonturiol\/general\/batxillerat-preinscripcio-curs-2020-2021\/\" title=\"Read BATXILLERAT: preinscripci\u00f3 curs 2020-2021\">Llegeix m\u00e9s\u00bb<\/a><\/p>\n","protected":false},"author":5,"featured_media":7999,"comment_status":"closed","ping_status":"closed","sticky":false,"template":"","format":"standard","meta":{"_bbp_topic_count":0,"_bbp_reply_count":0,"_bbp_total_topic_count":0,"_bbp_total_reply_count":0,"_bbp_voice_count":0,"_bbp_anonymous_reply_count":0,"_bbp_topic_count_hidden":0,"_bbp_reply_count_hidden":0,"_bbp_forum_subforum_count":0,"footnotes":""},"categories":[1],"tags":[],"class_list":["post-8951","post","type-post","status-publish","format-standard","has-post-thumbnail","hentry","category-general"],"post_mailing_queue_ids":[],"_links":{"self":[{"href":"https:\/\/agora.xtec.cat\/iesnarcismonturiol\/wp-json\/wp\/v2\/posts\/8951","targetHints":{"allow":["GET"]}}],"collection":[{"href":"https:\/\/agora.xtec.cat\/iesnarcismonturiol\/wp-json\/wp\/v2\/posts"}],"about":[{"href":"https:\/\/agora.xtec.cat\/iesnarcismonturiol\/wp-json\/wp\/v2\/types\/post"}],"author":[{"embeddable":true,"href":"https:\/\/agora.xtec.cat\/iesnarcismonturiol\/wp-json\/wp\/v2\/users\/5"}],"replies":[{"embeddable":true,"href":"https:\/\/agora.xtec.cat\/iesnarcismonturiol\/wp-json\/wp\/v2\/comments?post=8951"}],"version-history":[{"count":0,"href":"https:\/\/agora.xtec.cat\/iesnarcismonturiol\/wp-json\/wp\/v2\/posts\/8951\/revisions"}],"wp:featuredmedia":[{"embeddable":true,"href":"https:\/\/agora.xtec.cat\/iesnarcismonturiol\/wp-json\/wp\/v2\/media\/7999"}],"wp:attachment":[{"href":"https:\/\/agora.xtec.cat\/iesnarcismonturiol\/wp-json\/wp\/v2\/media?parent=8951"}],"wp:term":[{"taxonomy":"category","embeddable":true,"href":"https:\/\/agora.xtec.cat\/iesnarcismonturiol\/wp-json\/wp\/v2\/categories?post=8951"},{"taxonomy":"post_tag","embeddable":true,"href":"https:\/\/agora.xtec.cat\/iesnarcismonturiol\/wp-json\/wp\/v2\/tags?post=8951"}],"curies":[{"name":"wp","href":"https:\/\/api.w.org\/{rel}","templated":true}]}}