{"id":8893,"date":"2020-02-28T15:20:00","date_gmt":"2020-02-28T15:20:00","guid":{"rendered":"http:\/\/insmonturiol.cat\/1r-deso-esqui-a-la-masella"},"modified":"2020-02-28T15:20:00","modified_gmt":"2020-02-28T15:20:00","slug":"1r-deso-esqui-a-la-masella","status":"publish","type":"post","link":"https:\/\/agora.xtec.cat\/iesnarcismonturiol\/general\/1r-deso-esqui-a-la-masella\/","title":{"rendered":"1r d&#8217;ESO esqu\u00ed a La Masella"},"content":{"rendered":"\n<p>El 27 de febrer, l&#8217;alumnat de 1r l\u2019ESO vam anar d&#8217;excursi\u00f3 a la neu, a La Masellaa. Quan vam arribar, vam esmorzar, i mentre esmorzaven ens posaven una etiqueta. Vam anar a buscar els esquis, va ser una mica complicat per alguns perqu\u00e8 les botes costaba una mica de posar-se. Una vegada ja preparats tots, vam tenir un temps lliure perqu\u00e8 els monitors que ens havien de fer les classes no estaven, va ser molt divertit perqu\u00e8 mentre ells no venien nosaltres podiem anar practicant. Quan van arribar els monitors, ens vam dividir en dos grups, els que ja havian esquiat alguna vegada i els que no havian esquiat mai. Els que anaven al grup que no sabia res d\u2019esquiar, la seva primera vegada va ser molt divertit, primer ens van ensenyar com fer cunya, hi ha dos tipus de cunya, la cunya gran per anar m\u00e9s lent i la cunya petita per parar. Tamb\u00e9 vam pujar al telearrastre, que son seients per pujar a dalt. L&#8217;altre grup que ja havia esquiat m\u00e9s d\u2019una vegada van fer coses m\u00e9s extremes: van pujar al telecadira per tirar-se des de una muntanya m\u00e9s alta. Ells tamb\u00e9 s\u2019ho van passar molt b\u00e9. Una vegada acabades les classes vam anar a dinar. Alguns portavem el deinar de casa i d&#8217;altres el van anar a comprar a la cafeteria. En acabar vam continuar esquiant ja que teniem temps lliure. A l&#8217;hora de tornar cap a l&#8217;institut no voliem tornar perqu\u00e8 ens va agradar molt aix\u00f2 de l&#8217;esqu\u00ed. De tornada a l&#8217;autocar, molts ens vam adormir perqupe va ser un dia molt cansat i divertit. Una vegada a Barcelona, tots vam marxar cap a casa amb els pares i les mares que ens estaven esperant i tenien moltes ganes de que els expliquesim coses.<\/p>\n\n\n\n<p>Reina, 1r d&#8217;ESO<\/p>\n","protected":false},"excerpt":{"rendered":"<p>El 27 de febrer, l&#8217;alumnat de 1r l\u2019ESO vam anar d&#8217;excursi\u00f3 a la neu, a La Masellaa. Quan vam arribar, vam esmorzar, i mentre esmorzaven ens posaven una etiqueta. Vam anar a buscar els esquis, va ser una mica complicat per alguns perqu\u00e8 les botes&hellip;  <a href=\"https:\/\/agora.xtec.cat\/iesnarcismonturiol\/general\/1r-deso-esqui-a-la-masella\/\" title=\"Read 1r d&#8217;ESO esqu\u00ed a La Masella\">Llegeix m\u00e9s\u00bb<\/a><\/p>\n","protected":false},"author":5,"featured_media":8895,"comment_status":"open","ping_status":"open","sticky":false,"template":"","format":"standard","meta":{"_bbp_topic_count":0,"_bbp_reply_count":0,"_bbp_total_topic_count":0,"_bbp_total_reply_count":0,"_bbp_voice_count":0,"_bbp_anonymous_reply_count":0,"_bbp_topic_count_hidden":0,"_bbp_reply_count_hidden":0,"_bbp_forum_subforum_count":0,"footnotes":""},"categories":[128,1],"tags":[188,215,318],"class_list":["post-8893","post","type-post","status-publish","format-standard","has-post-thumbnail","hentry","category-expressio","category-general","tag-convivencia","tag-esqui","tag-tutoria"],"post_mailing_queue_ids":[],"_links":{"self":[{"href":"https:\/\/agora.xtec.cat\/iesnarcismonturiol\/wp-json\/wp\/v2\/posts\/8893","targetHints":{"allow":["GET"]}}],"collection":[{"href":"https:\/\/agora.xtec.cat\/iesnarcismonturiol\/wp-json\/wp\/v2\/posts"}],"about":[{"href":"https:\/\/agora.xtec.cat\/iesnarcismonturiol\/wp-json\/wp\/v2\/types\/post"}],"author":[{"embeddable":true,"href":"https:\/\/agora.xtec.cat\/iesnarcismonturiol\/wp-json\/wp\/v2\/users\/5"}],"replies":[{"embeddable":true,"href":"https:\/\/agora.xtec.cat\/iesnarcismonturiol\/wp-json\/wp\/v2\/comments?post=8893"}],"version-history":[{"count":0,"href":"https:\/\/agora.xtec.cat\/iesnarcismonturiol\/wp-json\/wp\/v2\/posts\/8893\/revisions"}],"wp:featuredmedia":[{"embeddable":true,"href":"https:\/\/agora.xtec.cat\/iesnarcismonturiol\/wp-json\/wp\/v2\/media\/8895"}],"wp:attachment":[{"href":"https:\/\/agora.xtec.cat\/iesnarcismonturiol\/wp-json\/wp\/v2\/media?parent=8893"}],"wp:term":[{"taxonomy":"category","embeddable":true,"href":"https:\/\/agora.xtec.cat\/iesnarcismonturiol\/wp-json\/wp\/v2\/categories?post=8893"},{"taxonomy":"post_tag","embeddable":true,"href":"https:\/\/agora.xtec.cat\/iesnarcismonturiol\/wp-json\/wp\/v2\/tags?post=8893"}],"curies":[{"name":"wp","href":"https:\/\/api.w.org\/{rel}","templated":true}]}}