{"id":8850,"date":"2020-03-30T17:50:57","date_gmt":"2020-03-30T17:50:57","guid":{"rendered":"http:\/\/insmonturiol.cat\/tercera-setmana-de-confinament"},"modified":"2020-03-30T17:50:57","modified_gmt":"2020-03-30T17:50:57","slug":"tercera-setmana-de-confinament","status":"publish","type":"post","link":"https:\/\/agora.xtec.cat\/iesnarcismonturiol\/general\/tercera-setmana-de-confinament\/","title":{"rendered":"Tercera setmana de confinament"},"content":{"rendered":"\n<p>Esperem que tots i totes seguiu b\u00e9. Que seguiu amb molts \u00e0nims, paci\u00e8ncia i ganes d\u2019aprendre coses.<\/p>\n\n\n\n<p>Aquesta setmana no afegim m\u00e9s feines, perqu\u00e8 sabem que encara us queden tasques pendents i els vostres profes us han indicat quins treballs hav\u00edeu de fer per recuperar les avaluacions pendents.<\/p>\n\n\n\n<p>Aix\u00ed que continueu treballant i tornarem a fer una nova remesa de feines despr\u00e9s de les vacances de Setmana Santa.&nbsp;<\/p>\n\n\n\n<p>Us trobem a faltar.<\/p>\n\n\n\n<p><\/p>\n","protected":false},"excerpt":{"rendered":"<p>Esperem que tots i totes seguiu b\u00e9. Que seguiu amb molts \u00e0nims, paci\u00e8ncia i ganes d\u2019aprendre coses.<\/p>\n<p>Aquesta setmana no afegim m\u00e9s feines, perqu\u00e8 sabem que encara us queden tasques pendents i els vostres profes us han indicat quins treballs hav\u00edeu de fer per recuperar les&hellip;  <a href=\"https:\/\/agora.xtec.cat\/iesnarcismonturiol\/general\/tercera-setmana-de-confinament\/\" title=\"Read Tercera setmana de confinament\">Llegeix m\u00e9s\u00bb<\/a><\/p>\n","protected":false},"author":5,"featured_media":8852,"comment_status":"closed","ping_status":"closed","sticky":false,"template":"","format":"standard","meta":{"_bbp_topic_count":0,"_bbp_reply_count":0,"_bbp_total_topic_count":0,"_bbp_total_reply_count":0,"_bbp_voice_count":0,"_bbp_anonymous_reply_count":0,"_bbp_topic_count_hidden":0,"_bbp_reply_count_hidden":0,"_bbp_forum_subforum_count":0,"footnotes":""},"categories":[1],"tags":[],"class_list":["post-8850","post","type-post","status-publish","format-standard","has-post-thumbnail","hentry","category-general"],"post_mailing_queue_ids":[],"_links":{"self":[{"href":"https:\/\/agora.xtec.cat\/iesnarcismonturiol\/wp-json\/wp\/v2\/posts\/8850","targetHints":{"allow":["GET"]}}],"collection":[{"href":"https:\/\/agora.xtec.cat\/iesnarcismonturiol\/wp-json\/wp\/v2\/posts"}],"about":[{"href":"https:\/\/agora.xtec.cat\/iesnarcismonturiol\/wp-json\/wp\/v2\/types\/post"}],"author":[{"embeddable":true,"href":"https:\/\/agora.xtec.cat\/iesnarcismonturiol\/wp-json\/wp\/v2\/users\/5"}],"replies":[{"embeddable":true,"href":"https:\/\/agora.xtec.cat\/iesnarcismonturiol\/wp-json\/wp\/v2\/comments?post=8850"}],"version-history":[{"count":0,"href":"https:\/\/agora.xtec.cat\/iesnarcismonturiol\/wp-json\/wp\/v2\/posts\/8850\/revisions"}],"wp:featuredmedia":[{"embeddable":true,"href":"https:\/\/agora.xtec.cat\/iesnarcismonturiol\/wp-json\/wp\/v2\/media\/8852"}],"wp:attachment":[{"href":"https:\/\/agora.xtec.cat\/iesnarcismonturiol\/wp-json\/wp\/v2\/media?parent=8850"}],"wp:term":[{"taxonomy":"category","embeddable":true,"href":"https:\/\/agora.xtec.cat\/iesnarcismonturiol\/wp-json\/wp\/v2\/categories?post=8850"},{"taxonomy":"post_tag","embeddable":true,"href":"https:\/\/agora.xtec.cat\/iesnarcismonturiol\/wp-json\/wp\/v2\/tags?post=8850"}],"curies":[{"name":"wp","href":"https:\/\/api.w.org\/{rel}","templated":true}]}}