{"id":8757,"date":"2020-02-03T13:50:00","date_gmt":"2020-02-03T13:50:00","guid":{"rendered":"http:\/\/insmonturiol.cat\/mirall-trencat-2n-de-batxillerat-al-sat"},"modified":"2020-02-03T13:50:00","modified_gmt":"2020-02-03T13:50:00","slug":"mirall-trencat-2n-de-batxillerat-al-sat-2","status":"publish","type":"post","link":"https:\/\/agora.xtec.cat\/iesnarcismonturiol\/general\/mirall-trencat-2n-de-batxillerat-al-sat-2\/","title":{"rendered":"Mirall trencat, 2n de batxillerat al SAT"},"content":{"rendered":"\n<p>El passat 28 de gener els\/les alumnes de 2n de Batxillerat vam anar a veure la lectura en escena de l&#8217;obra Mirall Trencat, de Merc\u00e8 Rodoreda, al&nbsp;SAT&nbsp;teatre. Durant una hora i mitja aproximadament, v\u00e0rem escoltar i veure (a trav\u00e9s d&#8217;un&nbsp;PPT) les principals escenes de l&#8217;obra. La lectura va ser enunciada per dues dones, cadascuna imitant a un personatge diferent, emprant un to interpretatiu que ajudava, de manera did\u00e0ctica, al seguiment de l&#8217;obra. Quan el show va arribar a la seva fi, vam poder preguntar, a les dues dones interpretes de l&#8217;actuaci\u00f3. D&#8217;aquell ambient van sortir preguntes amb respostes molt interessants, fins i tot algunes van ser projectades a l&#8217;examen de la classe de catal\u00e0.<\/p>\n\n\n\n<p>Elena Marco, 2n de Batxillerat<\/p>\n","protected":false},"excerpt":{"rendered":"<p>El passat 28 de gener els\/les alumnes de 2n de Batxillerat vam anar a veure la lectura en escena de l&#8217;obra Mirall Trencat, de Merc\u00e8 Rodoreda, al&nbsp;SAT&nbsp;teatre. Durant una hora i mitja aproximadament, v\u00e0rem escoltar i veure (a trav\u00e9s d&#8217;un&nbsp;PPT) les principals escenes de l&#8217;obra.&hellip;  <a href=\"https:\/\/agora.xtec.cat\/iesnarcismonturiol\/general\/mirall-trencat-2n-de-batxillerat-al-sat-2\/\" title=\"Read Mirall trencat, 2n de batxillerat al SAT\">Llegeix m\u00e9s\u00bb<\/a><\/p>\n","protected":false},"author":5,"featured_media":6074,"comment_status":"open","ping_status":"open","sticky":false,"template":"","format":"standard","meta":{"_bbp_topic_count":0,"_bbp_reply_count":0,"_bbp_total_topic_count":0,"_bbp_total_reply_count":0,"_bbp_voice_count":0,"_bbp_anonymous_reply_count":0,"_bbp_topic_count_hidden":0,"_bbp_reply_count_hidden":0,"_bbp_forum_subforum_count":0,"footnotes":""},"categories":[121,1],"tags":[173,245,40],"class_list":["post-8757","post","type-post","status-publish","format-standard","has-post-thumbnail","hentry","category-catala","category-general","tag-catala","tag-literatura","tag-teatre"],"post_mailing_queue_ids":[],"_links":{"self":[{"href":"https:\/\/agora.xtec.cat\/iesnarcismonturiol\/wp-json\/wp\/v2\/posts\/8757","targetHints":{"allow":["GET"]}}],"collection":[{"href":"https:\/\/agora.xtec.cat\/iesnarcismonturiol\/wp-json\/wp\/v2\/posts"}],"about":[{"href":"https:\/\/agora.xtec.cat\/iesnarcismonturiol\/wp-json\/wp\/v2\/types\/post"}],"author":[{"embeddable":true,"href":"https:\/\/agora.xtec.cat\/iesnarcismonturiol\/wp-json\/wp\/v2\/users\/5"}],"replies":[{"embeddable":true,"href":"https:\/\/agora.xtec.cat\/iesnarcismonturiol\/wp-json\/wp\/v2\/comments?post=8757"}],"version-history":[{"count":0,"href":"https:\/\/agora.xtec.cat\/iesnarcismonturiol\/wp-json\/wp\/v2\/posts\/8757\/revisions"}],"wp:featuredmedia":[{"embeddable":true,"href":"https:\/\/agora.xtec.cat\/iesnarcismonturiol\/wp-json\/wp\/v2\/media\/6074"}],"wp:attachment":[{"href":"https:\/\/agora.xtec.cat\/iesnarcismonturiol\/wp-json\/wp\/v2\/media?parent=8757"}],"wp:term":[{"taxonomy":"category","embeddable":true,"href":"https:\/\/agora.xtec.cat\/iesnarcismonturiol\/wp-json\/wp\/v2\/categories?post=8757"},{"taxonomy":"post_tag","embeddable":true,"href":"https:\/\/agora.xtec.cat\/iesnarcismonturiol\/wp-json\/wp\/v2\/tags?post=8757"}],"curies":[{"name":"wp","href":"https:\/\/api.w.org\/{rel}","templated":true}]}}