{"id":8741,"date":"2020-02-27T14:56:46","date_gmt":"2020-02-27T14:56:46","guid":{"rendered":"http:\/\/insmonturiol.cat\/la-meva-experiencia-amb-afs-a-alemanya"},"modified":"2020-02-27T14:56:46","modified_gmt":"2020-02-27T14:56:46","slug":"la-meva-experiencia-amb-afs-a-alemanya","status":"publish","type":"post","link":"https:\/\/agora.xtec.cat\/iesnarcismonturiol\/general\/la-meva-experiencia-amb-afs-a-alemanya\/","title":{"rendered":"La meva experi\u00e8ncia amb AFS a Alemanya"},"content":{"rendered":"\n<p>Soc la N\u00faria, estudiant de quart d\u2019ESO a l\u2019Institut Narc\u00eds Monturiol. El passat setembre vaig<br>marxar amb AFS Intercultura tres mesos a Alemanya. Vaig estar amb una fam\u00edlia amfitriona volunt\u00e0ria, \u00e9s a dir, vaig viure a casa seva com si fos una filla m\u00e9s.<br>Si haig de definir la meva experi\u00e8ncia amb una paraula, diria M\u00c0GICA. Ho vaig passar tan<br>b\u00e9. Aquesta experi\u00e8ncia m\u2019ha donat l\u2019oportunitat de poder-me con\u00e8ixer a mi mateixa,<br>poder cr\u00e9ixer i madurar com a persona, millorar el meu nivell d\u2019angl\u00e8s , descobrir altres<br>maneres de fer les coses i finalment con\u00e8ixer a gent meravellosa d\u2019arreu del m\u00f3n.<br>Els primers dies all\u00e0 van ser una mica durs, no coneixia la ciutat, no entenia que deien i<br>estava lluny de casa meva i de la meva fam\u00edlia. Per\u00f2 a poc a poc la cosa va anar millorant i<br>cada cop em sabia moure millor per la ciutat i anava entenent m\u00e9s l\u2019alemany (que haig de dir<br>que no \u00e9s un idioma precisament f\u00e0cil). Algun dia va ser dif\u00edcil, per\u00f2 vaig tenir a gent<br>encantadora que sempre estava quan feia falta.<br>Tamb\u00e9 vaig tenir l\u2019oportunitat de poder estar en el camp final de cinc dies a B\u00e8lgica amb tots<br>aquells i aquelles estudiants que havien marxat tres mesos arreu d\u2019Europa.<br>Aix\u00ed que animo a tothom que pugui, que visqui aquesta experi\u00e8ncia ja que, \u00e9s fant\u00e0stica i<br>t\u2019obra molt la ment.<\/p>\n\n\n\n<p>N\u00faria, 4t d&#8217;ESO<\/p>\n\n\n\n<figure class=\"wp-block-image size-large\"><img decoding=\"async\" src=\"http:\/\/insmonturiol.cat\/wp-content\/uploads\/2017\/07\/1-720x1024.jpg\" alt=\"\" class=\"wp-image-8742\"\/><\/figure>\n","protected":false},"excerpt":{"rendered":"<p>Soc la N\u00faria, estudiant de quart d\u2019ESO a l\u2019Institut Narc\u00eds Monturiol. El passat setembre vaigmarxar amb AFS Intercultura tres mesos a Alemanya. Vaig estar amb una fam\u00edlia amfitriona volunt\u00e0ria, \u00e9s a dir, vaig viure a casa seva com si fos una filla m\u00e9s.Si haig de&hellip;  <a href=\"https:\/\/agora.xtec.cat\/iesnarcismonturiol\/general\/la-meva-experiencia-amb-afs-a-alemanya\/\" title=\"Read La meva experi\u00e8ncia amb AFS a Alemanya\">Llegeix m\u00e9s\u00bb<\/a><\/p>\n","protected":false},"author":5,"featured_media":8748,"comment_status":"closed","ping_status":"closed","sticky":false,"template":"","format":"standard","meta":{"_bbp_topic_count":0,"_bbp_reply_count":0,"_bbp_total_topic_count":0,"_bbp_total_reply_count":0,"_bbp_voice_count":0,"_bbp_anonymous_reply_count":0,"_bbp_topic_count_hidden":0,"_bbp_reply_count_hidden":0,"_bbp_forum_subforum_count":0,"footnotes":""},"categories":[1,130],"tags":[146,148,286],"class_list":["post-8741","post","type-post","status-publish","format-standard","has-post-thumbnail","hentry","category-general","category-llegues-estrangeres","tag-afs-intercultura","tag-alemany","tag-projectes"],"post_mailing_queue_ids":[],"_links":{"self":[{"href":"https:\/\/agora.xtec.cat\/iesnarcismonturiol\/wp-json\/wp\/v2\/posts\/8741","targetHints":{"allow":["GET"]}}],"collection":[{"href":"https:\/\/agora.xtec.cat\/iesnarcismonturiol\/wp-json\/wp\/v2\/posts"}],"about":[{"href":"https:\/\/agora.xtec.cat\/iesnarcismonturiol\/wp-json\/wp\/v2\/types\/post"}],"author":[{"embeddable":true,"href":"https:\/\/agora.xtec.cat\/iesnarcismonturiol\/wp-json\/wp\/v2\/users\/5"}],"replies":[{"embeddable":true,"href":"https:\/\/agora.xtec.cat\/iesnarcismonturiol\/wp-json\/wp\/v2\/comments?post=8741"}],"version-history":[{"count":0,"href":"https:\/\/agora.xtec.cat\/iesnarcismonturiol\/wp-json\/wp\/v2\/posts\/8741\/revisions"}],"wp:featuredmedia":[{"embeddable":true,"href":"https:\/\/agora.xtec.cat\/iesnarcismonturiol\/wp-json\/wp\/v2\/media\/8748"}],"wp:attachment":[{"href":"https:\/\/agora.xtec.cat\/iesnarcismonturiol\/wp-json\/wp\/v2\/media?parent=8741"}],"wp:term":[{"taxonomy":"category","embeddable":true,"href":"https:\/\/agora.xtec.cat\/iesnarcismonturiol\/wp-json\/wp\/v2\/categories?post=8741"},{"taxonomy":"post_tag","embeddable":true,"href":"https:\/\/agora.xtec.cat\/iesnarcismonturiol\/wp-json\/wp\/v2\/tags?post=8741"}],"curies":[{"name":"wp","href":"https:\/\/api.w.org\/{rel}","templated":true}]}}