{"id":8736,"date":"2020-02-27T14:40:24","date_gmt":"2020-02-27T14:40:24","guid":{"rendered":"http:\/\/insmonturiol.cat\/laboratori-a-2n-de-batxillerat"},"modified":"2020-02-27T14:40:24","modified_gmt":"2020-02-27T14:40:24","slug":"laboratori-a-2n-de-batxillerat","status":"publish","type":"post","link":"https:\/\/agora.xtec.cat\/iesnarcismonturiol\/general\/laboratori-a-2n-de-batxillerat\/","title":{"rendered":"Laboratori a 2n de batxillerat"},"content":{"rendered":"\n<p>Aquesta setmana hem fet una valoraci\u00f3 \u00e0cid base amb els i les alumnes de segon de batxillerat. Mitjan\u00e7ant el canvi de color del indicador podem saber quina \u00e9s la concentraci\u00f3 de la nostra mostra problema. <\/p>\n\n\n\n<p>Veure-ho al laboratori sempre ens ajuda a millorar coneixements.<\/p>\n\n\n\n<p>Ana Macaya,professora de Qu\u00edmica<\/p>\n\n\n\n<p><br><\/p>\n\n\n\n<figure class=\"wp-block-gallery columns-3 is-cropped wp-block-gallery-1 is-layout-flex wp-block-gallery-is-layout-flex\"><ul class=\"blocks-gallery-grid\"><li class=\"blocks-gallery-item\"><figure><img decoding=\"async\" src=\"http:\/\/insmonturiol.cat\/wp-content\/uploads\/2020\/02\/20200221_094040-768x1024.jpg\" alt=\"\" data-id=\"8739\" data-full-url=\"http:\/\/insmonturiol.cat\/wp-content\/uploads\/2020\/02\/20200221_094040-scaled.jpg\" data-link=\"http:\/\/insmonturiol.cat\/?attachment_id=8739\" class=\"wp-image-8739\"\/><\/figure><\/li><li class=\"blocks-gallery-item\"><figure><img decoding=\"async\" src=\"http:\/\/insmonturiol.cat\/wp-content\/uploads\/2020\/02\/20200221_094145-1024x768.jpg\" alt=\"\" data-id=\"8738\" data-full-url=\"http:\/\/insmonturiol.cat\/wp-content\/uploads\/2020\/02\/20200221_094145-scaled.jpg\" data-link=\"http:\/\/insmonturiol.cat\/?attachment_id=8738\" class=\"wp-image-8738\"\/><\/figure><\/li><li class=\"blocks-gallery-item\"><figure><img decoding=\"async\" src=\"http:\/\/insmonturiol.cat\/wp-content\/uploads\/2020\/02\/20200221_094212-1024x768.jpg\" alt=\"\" data-id=\"8737\" data-full-url=\"http:\/\/insmonturiol.cat\/wp-content\/uploads\/2020\/02\/20200221_094212-scaled.jpg\" data-link=\"http:\/\/insmonturiol.cat\/?attachment_id=8737\" class=\"wp-image-8737\"\/><\/figure><\/li><\/ul><\/figure>\n","protected":false},"excerpt":{"rendered":"<p>Aquesta setmana hem fet una valoraci\u00f3 \u00e0cid base amb els i les alumnes de segon de batxillerat. Mitjan\u00e7ant el canvi de color del indicador podem saber quina \u00e9s la concentraci\u00f3 de la nostra mostra problema. <\/p>\n<p>Veure-ho al laboratori sempre ens ajuda a millorar coneixements.<\/p>\n<p>Ana Macaya,professora&hellip;  <a href=\"https:\/\/agora.xtec.cat\/iesnarcismonturiol\/general\/laboratori-a-2n-de-batxillerat\/\" title=\"Read Laboratori a 2n de batxillerat\">Llegeix m\u00e9s\u00bb<\/a><\/p>\n","protected":false},"author":5,"featured_media":8739,"comment_status":"closed","ping_status":"closed","sticky":false,"template":"","format":"standard","meta":{"_bbp_topic_count":0,"_bbp_reply_count":0,"_bbp_total_topic_count":0,"_bbp_total_reply_count":0,"_bbp_voice_count":0,"_bbp_anonymous_reply_count":0,"_bbp_topic_count_hidden":0,"_bbp_reply_count_hidden":0,"_bbp_forum_subforum_count":0,"footnotes":""},"categories":[122,1],"tags":[176,286,291],"class_list":["post-8736","post","type-post","status-publish","format-standard","has-post-thumbnail","hentry","category-ciencies-naturals","category-general","tag-ciencies-naturals","tag-projectes","tag-quimica"],"post_mailing_queue_ids":[],"_links":{"self":[{"href":"https:\/\/agora.xtec.cat\/iesnarcismonturiol\/wp-json\/wp\/v2\/posts\/8736","targetHints":{"allow":["GET"]}}],"collection":[{"href":"https:\/\/agora.xtec.cat\/iesnarcismonturiol\/wp-json\/wp\/v2\/posts"}],"about":[{"href":"https:\/\/agora.xtec.cat\/iesnarcismonturiol\/wp-json\/wp\/v2\/types\/post"}],"author":[{"embeddable":true,"href":"https:\/\/agora.xtec.cat\/iesnarcismonturiol\/wp-json\/wp\/v2\/users\/5"}],"replies":[{"embeddable":true,"href":"https:\/\/agora.xtec.cat\/iesnarcismonturiol\/wp-json\/wp\/v2\/comments?post=8736"}],"version-history":[{"count":0,"href":"https:\/\/agora.xtec.cat\/iesnarcismonturiol\/wp-json\/wp\/v2\/posts\/8736\/revisions"}],"wp:featuredmedia":[{"embeddable":true,"href":"https:\/\/agora.xtec.cat\/iesnarcismonturiol\/wp-json\/wp\/v2\/media\/8739"}],"wp:attachment":[{"href":"https:\/\/agora.xtec.cat\/iesnarcismonturiol\/wp-json\/wp\/v2\/media?parent=8736"}],"wp:term":[{"taxonomy":"category","embeddable":true,"href":"https:\/\/agora.xtec.cat\/iesnarcismonturiol\/wp-json\/wp\/v2\/categories?post=8736"},{"taxonomy":"post_tag","embeddable":true,"href":"https:\/\/agora.xtec.cat\/iesnarcismonturiol\/wp-json\/wp\/v2\/tags?post=8736"}],"curies":[{"name":"wp","href":"https:\/\/api.w.org\/{rel}","templated":true}]}}