{"id":8708,"date":"2020-02-13T14:53:23","date_gmt":"2020-02-13T14:53:23","guid":{"rendered":"http:\/\/insmonturiol.cat\/punt7-dhorta-guinardo-orientacio-a-4t-deso"},"modified":"2020-02-13T14:53:23","modified_gmt":"2020-02-13T14:53:23","slug":"punt7-dhorta-guinardo-orientacio-a-4t-deso","status":"publish","type":"post","link":"https:\/\/agora.xtec.cat\/iesnarcismonturiol\/general\/punt7-dhorta-guinardo-orientacio-a-4t-deso\/","title":{"rendered":"Punt7 d&#39;Horta-Guinard\u00f3: Orientaci\u00f3 a 4t d&#39;ESO"},"content":{"rendered":"\n<p>Avui hem anat amb alumnat de 4t de l\u2019ESO al Punt7, punt d&#8217;informaci\u00f3 juvenil del Districre d&#8217;Horta-Guinard\u00f3 per comen\u00e7ar a pensar d\u2019una forma m\u00e9s decidida qu\u00e8 poden fer en acabar l\u2019ESO. Aquesta acci\u00f3 s\u2019encaixa dins de les diferents activitats que estem fent aquest curs des de les tutories de 4t d&#8217;ESO que s\u00f3n principalment orientadores.<\/p>\n\n\n\n<p>Sim\u00f3n Aparicio, Orientador.<\/p>\n\n\n\n<p>Per saber-ne m\u00e9s podeu fer clic a l&#8217;enlla\u00e7 <a rel=\"noreferrer noopener\" aria-label=\"PUNT7 (opens in a new tab)\" href=\"http:\/\/punt7.org\/\" target=\"_blank\">PUNT7<\/a><\/p>\n\n\n\n<figure class=\"wp-block-gallery columns-2 is-cropped wp-block-gallery-1 is-layout-flex wp-block-gallery-is-layout-flex\"><ul class=\"blocks-gallery-grid\"><li class=\"blocks-gallery-item\"><figure><img decoding=\"async\" src=\"http:\/\/insmonturiol.cat\/wp-content\/uploads\/2020\/02\/IMG_3098-1-1024x768.jpg\" alt=\"\" data-id=\"8711\" data-full-url=\"http:\/\/insmonturiol.cat\/wp-content\/uploads\/2020\/02\/IMG_3098-1-scaled.jpg\" data-link=\"http:\/\/insmonturiol.cat\/?attachment_id=8711\" class=\"wp-image-8711\"\/><\/figure><\/li><li class=\"blocks-gallery-item\"><figure><img decoding=\"async\" src=\"http:\/\/insmonturiol.cat\/wp-content\/uploads\/2020\/02\/IMG_3099-1-1024x768.jpg\" alt=\"\" data-id=\"8710\" data-full-url=\"http:\/\/insmonturiol.cat\/wp-content\/uploads\/2020\/02\/IMG_3099-1-scaled.jpg\" data-link=\"http:\/\/insmonturiol.cat\/?attachment_id=8710\" class=\"wp-image-8710\"\/><\/figure><\/li><\/ul><\/figure>\n","protected":false},"excerpt":{"rendered":"<p>Avui hem anat amb alumnat de 4t de l\u2019ESO al Punt7, punt d&#8217;informaci\u00f3 juvenil del Districre d&#8217;Horta-Guinard\u00f3 per comen\u00e7ar a pensar d\u2019una forma m\u00e9s decidida qu\u00e8 poden fer en acabar l\u2019ESO. Aquesta acci\u00f3 s\u2019encaixa dins de les diferents activitats que estem fent aquest curs des&hellip;  <a href=\"https:\/\/agora.xtec.cat\/iesnarcismonturiol\/general\/punt7-dhorta-guinardo-orientacio-a-4t-deso\/\" title=\"Read Punt7 d&#39;Horta-Guinard\u00f3: Orientaci\u00f3 a 4t d&#39;ESO\">Llegeix m\u00e9s\u00bb<\/a><\/p>\n","protected":false},"author":5,"featured_media":8715,"comment_status":"closed","ping_status":"closed","sticky":false,"template":"","format":"standard","meta":{"_bbp_topic_count":0,"_bbp_reply_count":0,"_bbp_total_topic_count":0,"_bbp_total_reply_count":0,"_bbp_voice_count":0,"_bbp_anonymous_reply_count":0,"_bbp_topic_count_hidden":0,"_bbp_reply_count_hidden":0,"_bbp_forum_subforum_count":0,"footnotes":""},"categories":[1,134],"tags":[273,318],"class_list":["post-8708","post","type-post","status-publish","format-standard","has-post-thumbnail","hentry","category-general","category-orientacio","tag-orientacio","tag-tutoria"],"post_mailing_queue_ids":[],"_links":{"self":[{"href":"https:\/\/agora.xtec.cat\/iesnarcismonturiol\/wp-json\/wp\/v2\/posts\/8708","targetHints":{"allow":["GET"]}}],"collection":[{"href":"https:\/\/agora.xtec.cat\/iesnarcismonturiol\/wp-json\/wp\/v2\/posts"}],"about":[{"href":"https:\/\/agora.xtec.cat\/iesnarcismonturiol\/wp-json\/wp\/v2\/types\/post"}],"author":[{"embeddable":true,"href":"https:\/\/agora.xtec.cat\/iesnarcismonturiol\/wp-json\/wp\/v2\/users\/5"}],"replies":[{"embeddable":true,"href":"https:\/\/agora.xtec.cat\/iesnarcismonturiol\/wp-json\/wp\/v2\/comments?post=8708"}],"version-history":[{"count":0,"href":"https:\/\/agora.xtec.cat\/iesnarcismonturiol\/wp-json\/wp\/v2\/posts\/8708\/revisions"}],"wp:featuredmedia":[{"embeddable":true,"href":"https:\/\/agora.xtec.cat\/iesnarcismonturiol\/wp-json\/wp\/v2\/media\/8715"}],"wp:attachment":[{"href":"https:\/\/agora.xtec.cat\/iesnarcismonturiol\/wp-json\/wp\/v2\/media?parent=8708"}],"wp:term":[{"taxonomy":"category","embeddable":true,"href":"https:\/\/agora.xtec.cat\/iesnarcismonturiol\/wp-json\/wp\/v2\/categories?post=8708"},{"taxonomy":"post_tag","embeddable":true,"href":"https:\/\/agora.xtec.cat\/iesnarcismonturiol\/wp-json\/wp\/v2\/tags?post=8708"}],"curies":[{"name":"wp","href":"https:\/\/api.w.org\/{rel}","templated":true}]}}