{"id":8701,"date":"2020-01-22T15:59:00","date_gmt":"2020-01-22T15:59:00","guid":{"rendered":"http:\/\/insmonturiol.cat\/opera-passio-poder-i-politica-3r-deso-al-caixaforum"},"modified":"2020-01-22T15:59:00","modified_gmt":"2020-01-22T15:59:00","slug":"opera-passio-poder-i-politica-3r-deso-al-caixaforum","status":"publish","type":"post","link":"https:\/\/agora.xtec.cat\/iesnarcismonturiol\/general\/opera-passio-poder-i-politica-3r-deso-al-caixaforum\/","title":{"rendered":"\u00d2pera: Passi\u00f3, poder i pol\u00edtica, 3r d&#39;ESO al Caixaforum"},"content":{"rendered":"\n<p> <br>El passat dia 20 de gener els alumnes dels tres grups de tercer d&#8217;ESO van fer una excursi\u00f3 al Caixaf\u00f2rum proper a pla\u00e7a Espanya per gaudir d&#8217;una exposici\u00f3 sobre la hist\u00f2ria de l&#8217;\u00f2pera.<\/p>\n\n\n\n<p>L&#8217;\u00f2pera, Passi\u00f3, poder i pol\u00edtica, \u00e9s una exposici\u00f3 amb un llenguatge com \u00e9s la m\u00fasica que ens ha perm\u00e8s viatjar per vuit premi\u00e8res a diferents ciutats.<\/p>\n\n\n\n<p>Guillermo, 3r d&#8217;ESO<\/p>\n\n\n\n<figure class=\"wp-block-gallery columns-3 is-cropped wp-block-gallery-1 is-layout-flex wp-block-gallery-is-layout-flex\"><ul class=\"blocks-gallery-grid\"><li class=\"blocks-gallery-item\"><figure><img loading=\"lazy\" decoding=\"async\" width=\"768\" height=\"1024\" src=\"http:\/\/insmonturiol.cat\/wp-content\/uploads\/2020\/02\/IMG_20200120_104931-768x1024.jpg\" alt=\"\" data-id=\"8702\" data-full-url=\"http:\/\/insmonturiol.cat\/wp-content\/uploads\/2020\/02\/IMG_20200120_104931.jpg\" data-link=\"http:\/\/insmonturiol.cat\/?attachment_id=8702\" class=\"wp-image-8702\" srcset=\"https:\/\/agora.xtec.cat\/iesnarcismonturiol\/wp-content\/uploads\/usu2521\/2020\/02\/IMG_20200120_104931-768x1024.jpg 768w, https:\/\/agora.xtec.cat\/iesnarcismonturiol\/wp-content\/uploads\/usu2521\/2020\/02\/IMG_20200120_104931-225x300.jpg 225w, https:\/\/agora.xtec.cat\/iesnarcismonturiol\/wp-content\/uploads\/usu2521\/2020\/02\/IMG_20200120_104931-1152x1536.jpg 1152w, https:\/\/agora.xtec.cat\/iesnarcismonturiol\/wp-content\/uploads\/usu2521\/2020\/02\/IMG_20200120_104931.jpg 1200w\" sizes=\"auto, (max-width: 768px) 100vw, 768px\" \/><\/figure><\/li><li class=\"blocks-gallery-item\"><figure><img loading=\"lazy\" decoding=\"async\" width=\"1024\" height=\"768\" src=\"http:\/\/insmonturiol.cat\/wp-content\/uploads\/2020\/02\/IMG_20200120_105751-1024x768.jpg\" alt=\"\" data-id=\"8703\" data-full-url=\"http:\/\/insmonturiol.cat\/wp-content\/uploads\/2020\/02\/IMG_20200120_105751.jpg\" data-link=\"http:\/\/insmonturiol.cat\/?attachment_id=8703\" class=\"wp-image-8703\" srcset=\"https:\/\/agora.xtec.cat\/iesnarcismonturiol\/wp-content\/uploads\/usu2521\/2020\/02\/IMG_20200120_105751-1024x768.jpg 1024w, https:\/\/agora.xtec.cat\/iesnarcismonturiol\/wp-content\/uploads\/usu2521\/2020\/02\/IMG_20200120_105751-300x225.jpg 300w, https:\/\/agora.xtec.cat\/iesnarcismonturiol\/wp-content\/uploads\/usu2521\/2020\/02\/IMG_20200120_105751-768x576.jpg 768w, https:\/\/agora.xtec.cat\/iesnarcismonturiol\/wp-content\/uploads\/usu2521\/2020\/02\/IMG_20200120_105751-1536x1152.jpg 1536w, https:\/\/agora.xtec.cat\/iesnarcismonturiol\/wp-content\/uploads\/usu2521\/2020\/02\/IMG_20200120_105751-200x150.jpg 200w, https:\/\/agora.xtec.cat\/iesnarcismonturiol\/wp-content\/uploads\/usu2521\/2020\/02\/IMG_20200120_105751.jpg 1600w\" sizes=\"auto, (max-width: 1024px) 100vw, 1024px\" \/><\/figure><\/li><li class=\"blocks-gallery-item\"><figure><img loading=\"lazy\" decoding=\"async\" width=\"1024\" height=\"768\" src=\"http:\/\/insmonturiol.cat\/wp-content\/uploads\/2020\/02\/IMG_20200120_105929-1024x768.jpg\" alt=\"\" data-id=\"8704\" data-full-url=\"http:\/\/insmonturiol.cat\/wp-content\/uploads\/2020\/02\/IMG_20200120_105929.jpg\" data-link=\"http:\/\/insmonturiol.cat\/?attachment_id=8704\" class=\"wp-image-8704\" srcset=\"https:\/\/agora.xtec.cat\/iesnarcismonturiol\/wp-content\/uploads\/usu2521\/2020\/02\/IMG_20200120_105929-1024x768.jpg 1024w, https:\/\/agora.xtec.cat\/iesnarcismonturiol\/wp-content\/uploads\/usu2521\/2020\/02\/IMG_20200120_105929-300x225.jpg 300w, https:\/\/agora.xtec.cat\/iesnarcismonturiol\/wp-content\/uploads\/usu2521\/2020\/02\/IMG_20200120_105929-768x576.jpg 768w, https:\/\/agora.xtec.cat\/iesnarcismonturiol\/wp-content\/uploads\/usu2521\/2020\/02\/IMG_20200120_105929-1536x1152.jpg 1536w, https:\/\/agora.xtec.cat\/iesnarcismonturiol\/wp-content\/uploads\/usu2521\/2020\/02\/IMG_20200120_105929-200x150.jpg 200w, https:\/\/agora.xtec.cat\/iesnarcismonturiol\/wp-content\/uploads\/usu2521\/2020\/02\/IMG_20200120_105929.jpg 1600w\" sizes=\"auto, (max-width: 1024px) 100vw, 1024px\" \/><\/figure><\/li><\/ul><\/figure>\n","protected":false},"excerpt":{"rendered":"<p> El passat dia 20 de gener els alumnes dels tres grups de tercer d&#8217;ESO van fer una excursi\u00f3 al Caixaf\u00f2rum proper a pla\u00e7a Espanya per gaudir d&#8217;una exposici\u00f3 sobre la hist\u00f2ria de l&#8217;\u00f2pera.<\/p>\n<p>L&#8217;\u00f2pera, Passi\u00f3, poder i pol\u00edtica, \u00e9s una exposici\u00f3 amb un llenguatge com&hellip;  <a href=\"https:\/\/agora.xtec.cat\/iesnarcismonturiol\/general\/opera-passio-poder-i-politica-3r-deso-al-caixaforum\/\" title=\"Read \u00d2pera: Passi\u00f3, poder i pol\u00edtica, 3r d&#39;ESO al Caixaforum\">Llegeix m\u00e9s\u00bb<\/a><\/p>\n","protected":false},"author":5,"featured_media":8703,"comment_status":"closed","ping_status":"closed","sticky":false,"template":"","format":"standard","meta":{"_bbp_topic_count":0,"_bbp_reply_count":0,"_bbp_total_topic_count":0,"_bbp_total_reply_count":0,"_bbp_voice_count":0,"_bbp_anonymous_reply_count":0,"_bbp_topic_count_hidden":0,"_bbp_reply_count_hidden":0,"_bbp_forum_subforum_count":0,"footnotes":""},"categories":[123,128,1],"tags":[177,263,270],"class_list":["post-8701","post","type-post","status-publish","format-standard","has-post-thumbnail","hentry","category-ciencies-socials","category-expressio","category-general","tag-ciencies-socials","tag-musica","tag-opera"],"post_mailing_queue_ids":[],"_links":{"self":[{"href":"https:\/\/agora.xtec.cat\/iesnarcismonturiol\/wp-json\/wp\/v2\/posts\/8701","targetHints":{"allow":["GET"]}}],"collection":[{"href":"https:\/\/agora.xtec.cat\/iesnarcismonturiol\/wp-json\/wp\/v2\/posts"}],"about":[{"href":"https:\/\/agora.xtec.cat\/iesnarcismonturiol\/wp-json\/wp\/v2\/types\/post"}],"author":[{"embeddable":true,"href":"https:\/\/agora.xtec.cat\/iesnarcismonturiol\/wp-json\/wp\/v2\/users\/5"}],"replies":[{"embeddable":true,"href":"https:\/\/agora.xtec.cat\/iesnarcismonturiol\/wp-json\/wp\/v2\/comments?post=8701"}],"version-history":[{"count":0,"href":"https:\/\/agora.xtec.cat\/iesnarcismonturiol\/wp-json\/wp\/v2\/posts\/8701\/revisions"}],"wp:featuredmedia":[{"embeddable":true,"href":"https:\/\/agora.xtec.cat\/iesnarcismonturiol\/wp-json\/wp\/v2\/media\/8703"}],"wp:attachment":[{"href":"https:\/\/agora.xtec.cat\/iesnarcismonturiol\/wp-json\/wp\/v2\/media?parent=8701"}],"wp:term":[{"taxonomy":"category","embeddable":true,"href":"https:\/\/agora.xtec.cat\/iesnarcismonturiol\/wp-json\/wp\/v2\/categories?post=8701"},{"taxonomy":"post_tag","embeddable":true,"href":"https:\/\/agora.xtec.cat\/iesnarcismonturiol\/wp-json\/wp\/v2\/tags?post=8701"}],"curies":[{"name":"wp","href":"https:\/\/api.w.org\/{rel}","templated":true}]}}