{"id":8681,"date":"2020-01-27T13:29:28","date_gmt":"2020-01-27T13:29:28","guid":{"rendered":"http:\/\/insmonturiol.cat\/cancel%c2%b7lada-la-jornada-de-portes-obertes-del-14032020"},"modified":"2020-01-27T13:29:28","modified_gmt":"2020-01-27T13:29:28","slug":"cancel%c2%b7lada-la-jornada-de-portes-obertes-del-14032020","status":"publish","type":"post","link":"https:\/\/agora.xtec.cat\/iesnarcismonturiol\/general\/cancel%c2%b7lada-la-jornada-de-portes-obertes-del-14032020\/","title":{"rendered":"CANCEL\u00b7LADA la Jornada de PORTES OBERTES del 14\/03\/2020"},"content":{"rendered":"\n<p>Us comuniquem que les Portes Obertes del centre previstes per aquest dissabte dia 14 queden anul\u00b7lades seguint les indicacions del Departament d&#8217;Educaci\u00f3.\u00a0<br>Si voleu rebre informaci\u00f3 del centre podeu contactar amb nosaltres per tel\u00e8fon o via correu electr\u00f2nic.<\/p>\n","protected":false},"excerpt":{"rendered":"<p>Us comuniquem que les Portes Obertes del centre previstes per aquest dissabte dia 14 queden anul\u00b7lades seguint les indicacions del Departament d&#8217;Educaci\u00f3.\u00a0Si voleu rebre informaci\u00f3 del centre podeu contactar amb nosaltres per tel\u00e8fon o via correu electr\u00f2nic.<\/p>\n","protected":false},"author":5,"featured_media":8778,"comment_status":"closed","ping_status":"closed","sticky":false,"template":"","format":"standard","meta":{"_bbp_topic_count":0,"_bbp_reply_count":0,"_bbp_total_topic_count":0,"_bbp_total_reply_count":0,"_bbp_voice_count":0,"_bbp_anonymous_reply_count":0,"_bbp_topic_count_hidden":0,"_bbp_reply_count_hidden":0,"_bbp_forum_subforum_count":0,"footnotes":""},"categories":[1],"tags":[281],"class_list":["post-8681","post","type-post","status-publish","format-standard","has-post-thumbnail","hentry","category-general","tag-portes-obertes"],"post_mailing_queue_ids":[],"_links":{"self":[{"href":"https:\/\/agora.xtec.cat\/iesnarcismonturiol\/wp-json\/wp\/v2\/posts\/8681","targetHints":{"allow":["GET"]}}],"collection":[{"href":"https:\/\/agora.xtec.cat\/iesnarcismonturiol\/wp-json\/wp\/v2\/posts"}],"about":[{"href":"https:\/\/agora.xtec.cat\/iesnarcismonturiol\/wp-json\/wp\/v2\/types\/post"}],"author":[{"embeddable":true,"href":"https:\/\/agora.xtec.cat\/iesnarcismonturiol\/wp-json\/wp\/v2\/users\/5"}],"replies":[{"embeddable":true,"href":"https:\/\/agora.xtec.cat\/iesnarcismonturiol\/wp-json\/wp\/v2\/comments?post=8681"}],"version-history":[{"count":0,"href":"https:\/\/agora.xtec.cat\/iesnarcismonturiol\/wp-json\/wp\/v2\/posts\/8681\/revisions"}],"wp:featuredmedia":[{"embeddable":true,"href":"https:\/\/agora.xtec.cat\/iesnarcismonturiol\/wp-json\/wp\/v2\/media\/8778"}],"wp:attachment":[{"href":"https:\/\/agora.xtec.cat\/iesnarcismonturiol\/wp-json\/wp\/v2\/media?parent=8681"}],"wp:term":[{"taxonomy":"category","embeddable":true,"href":"https:\/\/agora.xtec.cat\/iesnarcismonturiol\/wp-json\/wp\/v2\/categories?post=8681"},{"taxonomy":"post_tag","embeddable":true,"href":"https:\/\/agora.xtec.cat\/iesnarcismonturiol\/wp-json\/wp\/v2\/tags?post=8681"}],"curies":[{"name":"wp","href":"https:\/\/api.w.org\/{rel}","templated":true}]}}