{"id":8645,"date":"2019-12-20T10:42:53","date_gmt":"2019-12-20T10:42:53","guid":{"rendered":"http:\/\/insmonturiol.cat\/4t-deso-retratos-cosmicos-y-retrato-textos-descriptivos"},"modified":"2019-12-20T10:42:53","modified_gmt":"2019-12-20T10:42:53","slug":"4t-deso-retratos-cosmicos-y-retrato-textos-descriptivos","status":"publish","type":"post","link":"https:\/\/agora.xtec.cat\/iesnarcismonturiol\/general\/4t-deso-retratos-cosmicos-y-retrato-textos-descriptivos\/","title":{"rendered":"4t d&#39;ESO: Retratos c\u00f3smicos y Retrato. Textos descriptivos"},"content":{"rendered":"\n<p><strong>Retratos c\u00f3smicos&nbsp;<\/strong><\/p>\n\n\n\n<p>No era ni su pelo ceniza, ni esos ojos verde esmeralda lo que tanto la caracterizaban. Era verdad que entre los terranos ten\u00eda un aspecto muy peculiar, aunque estos acostumbren a considerar esos rasgos artificiales. Pero su delicada imagen no era nada al lado de su car\u00e1cter fr\u00edo y distante, y tal vez fuera este el que llamaba tanto la atenci\u00f3n.<\/p>\n\n\n\n<p>Lo primero que se captaba cuando aparec\u00eda en el campo de visi\u00f3n era c\u00f3mo las diferentes luces jugaban con sus mechones plateados. Eso, hasta que te perd\u00edas en el profundo lima de su mirada. Su estatura era mediana, y muchos lo&nbsp;agradec\u00edan&nbsp;ya que le dificultaba&nbsp;intimidar a cualquiera que se le cruzase. Su nariz fina parec\u00eda de porcelana, y daba paso a unos labios voluptuosos y rojizos.&nbsp;<\/p>\n\n\n\n<p>Teniendo en cuenta que se llamaba Atenea, muchos de verdad se pensaban que fue esculpida por dioses griegos, pero lo \u00fanico que ten\u00edan en com\u00fan era una historia ca\u00f3tica. A esta se le atribu\u00eda su personalidad cortante, precavida, una expresi\u00f3n seria, y su coraz\u00f3n de piedra. Bastaba con observarla&nbsp;un tiempo para darse cuenta de que era solo una alma rota m\u00e1s.<\/p>\n\n\n\n<p><em>Aplo, 4rtA<\/em><\/p>\n\n\n\n<p><strong>Retrato<\/strong><\/p>\n\n\n\n<p>Aquella mujer de baja estatura y vivos ojos verdes emanaba alegr\u00eda por donde pasaba, su sonrisa de oreja a oreja y voz suave pero a la vez acelerada invitaban a sentarse a charlar con ella un rato. A juzgar por su apariencia, juvenil y despreocupada aunque cabal, se pod\u00eda decir que se trataba de una joven rubia de unos treinta a\u00f1os, lo cual contradec\u00eda a sus primeras arrugas de expresi\u00f3n, que se hallaban tras los mechones ligeramente ondulados y rebeldes que se escapaban del mo\u00f1o. Le gustaba cuidar su apariencia, sus manos hac\u00edan justicia de ello: suaves, delicadas y con una manicura diferente cada vez que la ve\u00eda.<\/p>\n\n\n\n<p>No era una mujer con man\u00edas o costumbres raras, al contrario, amaba los imprevistos y disfrutaba especialmente de los planes improvisados, le gustaba mucho descubrir lugares por accidente. Era una mujer de mundo. Eso s\u00ed, su car\u00e1cter decidido y a veces iracundo pod\u00eda sorprender e incluso asustar a aquel que lo descubr\u00eda por primera vez; por suerte, no sacaba a relucir con mucha frecuencia esa parte de s\u00ed misma.<\/p>\n\n\n\n<p>En cuanto a gustos, se trataba de una mujer de ideas claras y humilde. Prefer\u00eda estar con sus m\u00e1s allegados en una casita rural en el monte, apartada del frenes\u00ed del mundo actual, que en un distinguido hotel rodeada de todo tipo de lujos. Ten\u00eda unos principios bien definidos, y eso resaltaba notablemente en sus momentos m\u00e1s tercos que, desafortunadamente, sol\u00edan ser muchos a lo largo de la semana. En estos casos, era mejor asentir ya que, a la m\u00ednima muestra de desacuerdo, pod\u00eda estallar de repente y sin previo aviso la tercera guerra mundial.<\/p>\n\n\n\n<p>En general, la recuerdo como a una mujer que se desviv\u00eda por los suyos, con sus m\u00e1s y sus menos, pero como cualquier habitante de este planeta. Una mujer la cual dejaba huella all\u00ed por donde pasaba, que su calidez te hac\u00eda sentir arropado, incluso como en tu casa.<\/p>\n\n\n\n<p><em>Mireia Reyes Gonz\u00e1lez, 4rt B<\/em><\/p>\n","protected":false},"excerpt":{"rendered":"<p>Retratos c\u00f3smicos&nbsp;<\/p>\n<p>No era ni su pelo ceniza, ni esos ojos verde esmeralda lo que tanto la caracterizaban. Era verdad que entre los terranos ten\u00eda un aspecto muy peculiar, aunque estos acostumbren a considerar esos rasgos artificiales. Pero su delicada imagen no era nada al lado&hellip;  <a href=\"https:\/\/agora.xtec.cat\/iesnarcismonturiol\/general\/4t-deso-retratos-cosmicos-y-retrato-textos-descriptivos\/\" title=\"Read 4t d&#39;ESO: Retratos c\u00f3smicos y Retrato. Textos descriptivos\">Llegeix m\u00e9s\u00bb<\/a><\/p>\n","protected":false},"author":5,"featured_media":7457,"comment_status":"closed","ping_status":"closed","sticky":false,"template":"","format":"standard","meta":{"_bbp_topic_count":0,"_bbp_reply_count":0,"_bbp_total_topic_count":0,"_bbp_total_reply_count":0,"_bbp_voice_count":0,"_bbp_anonymous_reply_count":0,"_bbp_topic_count_hidden":0,"_bbp_reply_count_hidden":0,"_bbp_forum_subforum_count":0,"footnotes":""},"categories":[120,1],"tags":[172],"class_list":["post-8645","post","type-post","status-publish","format-standard","has-post-thumbnail","hentry","category-castella","category-general","tag-castella"],"post_mailing_queue_ids":[],"_links":{"self":[{"href":"https:\/\/agora.xtec.cat\/iesnarcismonturiol\/wp-json\/wp\/v2\/posts\/8645","targetHints":{"allow":["GET"]}}],"collection":[{"href":"https:\/\/agora.xtec.cat\/iesnarcismonturiol\/wp-json\/wp\/v2\/posts"}],"about":[{"href":"https:\/\/agora.xtec.cat\/iesnarcismonturiol\/wp-json\/wp\/v2\/types\/post"}],"author":[{"embeddable":true,"href":"https:\/\/agora.xtec.cat\/iesnarcismonturiol\/wp-json\/wp\/v2\/users\/5"}],"replies":[{"embeddable":true,"href":"https:\/\/agora.xtec.cat\/iesnarcismonturiol\/wp-json\/wp\/v2\/comments?post=8645"}],"version-history":[{"count":0,"href":"https:\/\/agora.xtec.cat\/iesnarcismonturiol\/wp-json\/wp\/v2\/posts\/8645\/revisions"}],"wp:featuredmedia":[{"embeddable":true,"href":"https:\/\/agora.xtec.cat\/iesnarcismonturiol\/wp-json\/wp\/v2\/media\/7457"}],"wp:attachment":[{"href":"https:\/\/agora.xtec.cat\/iesnarcismonturiol\/wp-json\/wp\/v2\/media?parent=8645"}],"wp:term":[{"taxonomy":"category","embeddable":true,"href":"https:\/\/agora.xtec.cat\/iesnarcismonturiol\/wp-json\/wp\/v2\/categories?post=8645"},{"taxonomy":"post_tag","embeddable":true,"href":"https:\/\/agora.xtec.cat\/iesnarcismonturiol\/wp-json\/wp\/v2\/tags?post=8645"}],"curies":[{"name":"wp","href":"https:\/\/api.w.org\/{rel}","templated":true}]}}