{"id":8540,"date":"2019-11-11T15:41:10","date_gmt":"2019-11-11T15:41:10","guid":{"rendered":"http:\/\/insmonturiol.cat\/terra-baixa-2n-de-batxillerat-al-sat"},"modified":"2019-11-11T15:41:10","modified_gmt":"2019-11-11T15:41:10","slug":"terra-baixa-2n-de-batxillerat-al-sat-3","status":"publish","type":"post","link":"https:\/\/agora.xtec.cat\/iesnarcismonturiol\/general\/terra-baixa-2n-de-batxillerat-al-sat-3\/","title":{"rendered":"Terra baixa, 2n de batxillerat al SAT"},"content":{"rendered":"\n<figure class=\"wp-block-image\"><img loading=\"lazy\" decoding=\"async\" width=\"768\" height=\"1024\" src=\"http:\/\/insmonturiol.cat\/wp-content\/uploads\/2019\/11\/IMG_1399-768x1024.jpeg\" alt=\"\" class=\"wp-image-8543\" srcset=\"https:\/\/agora.xtec.cat\/iesnarcismonturiol\/wp-content\/uploads\/usu2521\/2019\/11\/IMG_1399-768x1024.jpeg 768w, https:\/\/agora.xtec.cat\/iesnarcismonturiol\/wp-content\/uploads\/usu2521\/2019\/11\/IMG_1399-225x300.jpeg 225w, https:\/\/agora.xtec.cat\/iesnarcismonturiol\/wp-content\/uploads\/usu2521\/2019\/11\/IMG_1399-1152x1536.jpeg 1152w, https:\/\/agora.xtec.cat\/iesnarcismonturiol\/wp-content\/uploads\/usu2521\/2019\/11\/IMG_1399.jpeg 1536w\" sizes=\"auto, (max-width: 768px) 100vw, 768px\" \/><\/figure>\n\n\n\n<p>El passat dimecres dia 6 l&#8217;alumnat de segon de batxillerat vam anar&nbsp; a veure al SAT teatre de Sant Andreu, una adaptaci\u00f3 de l\u2019obra Terra Baixa. Durant el primer trimestre d\u2019aquest curs vam llegir conjuntament a classe aquesta obra d\u2019\u00c0ngel Guimer\u00e0, de manera que ja coneix\u00edem els personatges i l\u2019argument.<\/p>\n\n\n\n<p>La representaci\u00f3 estava condicionada pel temps, uns cinquanta minuts, i per aix\u00f2 el que es va representar no va ser l\u2019obra completa sin\u00f3 una adaptaci\u00f3, amb nom\u00e9s tres personatges, la Marta, el Manelic i el Sebasti\u00e0, basada en les parts m\u00e9s rellevants de l\u2019original, com per exemple, els mon\u00f2legs de la Marta o la fugida d\u2019aquesta amb el Manelic.<\/p>\n\n\n\n<p>En acabar l\u2019obra, els actors juntament amb el director, des de l\u2019escenari, van explicar-nos el seu punt de vista sobre cada personatge i situaci\u00f3. Tamb\u00e9 es van oferir a aclarir-nos tots els dubtes que pod\u00edem tenir sobre l\u2019obra.<\/p>\n\n\n\n<p>Tant a altres companys i companyes com a mi mateixa, ens va semblar que els actors interpretaven els personatges d\u2019una manera diferent de la que nosaltres ens hav\u00edem imaginat durant la lectura. Per exemple, ens hav\u00edem imaginat un Manelic innocent, i en canvi el personatge interpretat era m\u00e9s aviat ximple. Tot i aix\u00f2, l\u2019obra ens va semblar ben dirigida i interpretada i ens va ser d\u2019utilitat.<\/p>\n\n\n\n<p>Va ser una bona sortida..<\/p>\n\n\n\n<p>Carlota Doval, 2n de batxillerat<\/p>\n","protected":false},"excerpt":{"rendered":"<p>El passat dimecres dia 6 l&#8217;alumnat de segon de batxillerat vam anar&nbsp; a veure al SAT teatre de Sant Andreu, una adaptaci\u00f3 de l\u2019obra Terra Baixa. Durant el primer trimestre d\u2019aquest curs vam llegir conjuntament a classe aquesta obra d\u2019\u00c0ngel Guimer\u00e0, de manera que ja&hellip;  <a href=\"https:\/\/agora.xtec.cat\/iesnarcismonturiol\/general\/terra-baixa-2n-de-batxillerat-al-sat-3\/\" title=\"Read Terra baixa, 2n de batxillerat al SAT\">Llegeix m\u00e9s\u00bb<\/a><\/p>\n","protected":false},"author":5,"featured_media":8542,"comment_status":"closed","ping_status":"closed","sticky":false,"template":"","format":"standard","meta":{"_bbp_topic_count":0,"_bbp_reply_count":0,"_bbp_total_topic_count":0,"_bbp_total_reply_count":0,"_bbp_voice_count":0,"_bbp_anonymous_reply_count":0,"_bbp_topic_count_hidden":0,"_bbp_reply_count_hidden":0,"_bbp_forum_subforum_count":0,"footnotes":""},"categories":[121,1],"tags":[173,245,40],"class_list":["post-8540","post","type-post","status-publish","format-standard","has-post-thumbnail","hentry","category-catala","category-general","tag-catala","tag-literatura","tag-teatre"],"post_mailing_queue_ids":[],"_links":{"self":[{"href":"https:\/\/agora.xtec.cat\/iesnarcismonturiol\/wp-json\/wp\/v2\/posts\/8540","targetHints":{"allow":["GET"]}}],"collection":[{"href":"https:\/\/agora.xtec.cat\/iesnarcismonturiol\/wp-json\/wp\/v2\/posts"}],"about":[{"href":"https:\/\/agora.xtec.cat\/iesnarcismonturiol\/wp-json\/wp\/v2\/types\/post"}],"author":[{"embeddable":true,"href":"https:\/\/agora.xtec.cat\/iesnarcismonturiol\/wp-json\/wp\/v2\/users\/5"}],"replies":[{"embeddable":true,"href":"https:\/\/agora.xtec.cat\/iesnarcismonturiol\/wp-json\/wp\/v2\/comments?post=8540"}],"version-history":[{"count":0,"href":"https:\/\/agora.xtec.cat\/iesnarcismonturiol\/wp-json\/wp\/v2\/posts\/8540\/revisions"}],"wp:featuredmedia":[{"embeddable":true,"href":"https:\/\/agora.xtec.cat\/iesnarcismonturiol\/wp-json\/wp\/v2\/media\/8542"}],"wp:attachment":[{"href":"https:\/\/agora.xtec.cat\/iesnarcismonturiol\/wp-json\/wp\/v2\/media?parent=8540"}],"wp:term":[{"taxonomy":"category","embeddable":true,"href":"https:\/\/agora.xtec.cat\/iesnarcismonturiol\/wp-json\/wp\/v2\/categories?post=8540"},{"taxonomy":"post_tag","embeddable":true,"href":"https:\/\/agora.xtec.cat\/iesnarcismonturiol\/wp-json\/wp\/v2\/tags?post=8540"}],"curies":[{"name":"wp","href":"https:\/\/api.w.org\/{rel}","templated":true}]}}