{"id":8521,"date":"2019-11-11T09:13:02","date_gmt":"2019-11-11T09:13:02","guid":{"rendered":"http:\/\/insmonturiol.cat\/24a-setmana-de-la-ciencia"},"modified":"2019-11-11T09:13:02","modified_gmt":"2019-11-11T09:13:02","slug":"24a-setmana-de-la-ciencia","status":"publish","type":"post","link":"https:\/\/agora.xtec.cat\/iesnarcismonturiol\/general\/24a-setmana-de-la-ciencia\/","title":{"rendered":"24a setmana de la Ci\u00e8ncia"},"content":{"rendered":"\n<p>A l&#8217;institut Narc\u00eds Monturiol, celebrem la setmana de la ci\u00e8ncia. Per aix\u00f2 hem fet un             concurs de cartells, en el que hem participat tot l&#8217;institut,<br>Els guanyadors han sigut: <br>1r d\u2019ESO Martina&nbsp;<br>2n d\u2019ESO Jennifer i Tiffany<br>3r d\u2019ESO Aina&nbsp; i Mar&nbsp;<br> 4t d\u2019ESO: Emily i Saiba<br>1r de Batxillerat: Mario, Pep i Hugo.<\/p>\n\n\n\n<ul class=\"wp-block-gallery columns-2 is-cropped wp-block-gallery-1 is-layout-flex wp-block-gallery-is-layout-flex\"><li class=\"blocks-gallery-item\"><figure><img decoding=\"async\" src=\"http:\/\/insmonturiol.cat\/wp-content\/uploads\/2019\/11\/imatge-2-768x1024.jpg\" alt=\"\" data-id=\"8523\" data-link=\"http:\/\/insmonturiol.cat\/?attachment_id=8523\" class=\"wp-image-8523\"\/><\/figure><\/li><li class=\"blocks-gallery-item\"><figure><img decoding=\"async\" src=\"http:\/\/insmonturiol.cat\/wp-content\/uploads\/2019\/11\/imatge-4-1024x768.jpg\" alt=\"\" data-id=\"8525\" data-link=\"http:\/\/insmonturiol.cat\/?attachment_id=8525\" class=\"wp-image-8525\"\/><\/figure><\/li><\/ul>\n\n\n\n<p>per saber-ne m\u00e9s feu click&nbsp;<a href=\"https:\/\/setmanaciencia.fundaciorecerca.cat\/frontend\/\">https:\/\/setmanaciencia.fundaciorecerca.cat\/frontend\/<\/a><\/p>\n\n\n\n<p>text i fotografies: Vera, 1r d&#8217;ESO<\/p>\n","protected":false},"excerpt":{"rendered":"<p>A l&#8217;institut Narc\u00eds Monturiol, celebrem la setmana de la ci\u00e8ncia. Per aix\u00f2 hem fet un             concurs de cartells, en el que hem participat tot l&#8217;institut,Els guanyadors han sigut: 1r d\u2019ESO Martina&nbsp;2n d\u2019ESO Jennifer&hellip;  <a href=\"https:\/\/agora.xtec.cat\/iesnarcismonturiol\/general\/24a-setmana-de-la-ciencia\/\" title=\"Read 24a setmana de la Ci\u00e8ncia\">Llegeix m\u00e9s\u00bb<\/a><\/p>\n","protected":false},"author":5,"featured_media":8534,"comment_status":"closed","ping_status":"closed","sticky":false,"template":"","format":"standard","meta":{"_bbp_topic_count":0,"_bbp_reply_count":0,"_bbp_total_topic_count":0,"_bbp_total_reply_count":0,"_bbp_voice_count":0,"_bbp_anonymous_reply_count":0,"_bbp_topic_count_hidden":0,"_bbp_reply_count_hidden":0,"_bbp_forum_subforum_count":0,"footnotes":""},"categories":[122,1],"tags":[175,176,221,291],"class_list":["post-8521","post","type-post","status-publish","format-standard","has-post-thumbnail","hentry","category-ciencies-naturals","category-general","tag-ciencies-de-la-terra-i-el-medi-ambient","tag-ciencies-naturals","tag-fisica","tag-quimica"],"post_mailing_queue_ids":[],"_links":{"self":[{"href":"https:\/\/agora.xtec.cat\/iesnarcismonturiol\/wp-json\/wp\/v2\/posts\/8521","targetHints":{"allow":["GET"]}}],"collection":[{"href":"https:\/\/agora.xtec.cat\/iesnarcismonturiol\/wp-json\/wp\/v2\/posts"}],"about":[{"href":"https:\/\/agora.xtec.cat\/iesnarcismonturiol\/wp-json\/wp\/v2\/types\/post"}],"author":[{"embeddable":true,"href":"https:\/\/agora.xtec.cat\/iesnarcismonturiol\/wp-json\/wp\/v2\/users\/5"}],"replies":[{"embeddable":true,"href":"https:\/\/agora.xtec.cat\/iesnarcismonturiol\/wp-json\/wp\/v2\/comments?post=8521"}],"version-history":[{"count":0,"href":"https:\/\/agora.xtec.cat\/iesnarcismonturiol\/wp-json\/wp\/v2\/posts\/8521\/revisions"}],"wp:featuredmedia":[{"embeddable":true,"href":"https:\/\/agora.xtec.cat\/iesnarcismonturiol\/wp-json\/wp\/v2\/media\/8534"}],"wp:attachment":[{"href":"https:\/\/agora.xtec.cat\/iesnarcismonturiol\/wp-json\/wp\/v2\/media?parent=8521"}],"wp:term":[{"taxonomy":"category","embeddable":true,"href":"https:\/\/agora.xtec.cat\/iesnarcismonturiol\/wp-json\/wp\/v2\/categories?post=8521"},{"taxonomy":"post_tag","embeddable":true,"href":"https:\/\/agora.xtec.cat\/iesnarcismonturiol\/wp-json\/wp\/v2\/tags?post=8521"}],"curies":[{"name":"wp","href":"https:\/\/api.w.org\/{rel}","templated":true}]}}